{"id":1147,"date":"2017-01-11T17:29:54","date_gmt":"2017-01-11T15:29:54","guid":{"rendered":"http:\/\/blog.sanktneff.de\/?p=1147"},"modified":"2017-02-06T17:07:21","modified_gmt":"2017-02-06T15:07:21","slug":"menchen","status":"publish","type":"post","link":"http:\/\/blog.sanktneff.de\/?p=1147","title":{"rendered":"Menchen"},"content":{"rendered":"<p style=\"text-align: justify;\">Da hast du dich &#8211; so wie ich gestern Vormittag &#8211; ausgiebig mit Mensch, Menschen und Menschheit befa\u00dft, machst dich dann nachmittags mit dem T\u00f6chterchen auf den Weg zum Zahnarzt, steigst aus dem Auto,\u00a0 stehst unversehens vor einem Bus mit der Aufschrift<\/p>\n<p style=\"text-align: justify;\"><a href=\"http:\/\/blog.sanktneff.de\/wp-content\/uploads\/2017\/01\/Menchen.jpg\"><img loading=\"lazy\" class=\"aligncenter size-large wp-image-1148\" src=\"http:\/\/blog.sanktneff.de\/wp-content\/uploads\/2017\/01\/Menchen-1024x768.jpg\" alt=\"Menchen\" width=\"474\" height=\"355\" srcset=\"http:\/\/blog.sanktneff.de\/wp-content\/uploads\/2017\/01\/Menchen-1024x768.jpg 1024w, http:\/\/blog.sanktneff.de\/wp-content\/uploads\/2017\/01\/Menchen-300x225.jpg 300w\" sizes=\"(max-width: 474px) 100vw, 474px\" \/><\/a><\/p>\n<p style=\"text-align: justify;\">&#8211; und mu\u00dft lachen, denn manche Menschen, Jupp Heynckes etwa, \u00a0sagen ja wirklich &#8222;Menchen&#8220;, wenn sie\u00a0&#8222;Menschen&#8220; meinen.<\/p>\n<p style=\"text-align: justify;\">Ich finde das sehr sympathisch und habe f\u00fcr diese dialektal bedingte Fehlleistung gro\u00dfes Verst\u00e4ndnis.\u00a0 Denn auch mir\u00a0attestierte ein Berliner Redakteur bei meinem ersten Radio-Praktikum:<\/p>\n<p style=\"text-align: justify;\"><strong>&#8222;Sie h\u00f6ren sich ja an wie ein Remagener Laien-Darsteller.&#8220;<\/strong><\/p>\n<p style=\"text-align: justify;\">Der Mench hei\u00dft Mench, weil er w\u00e4rmt, wenn er erz\u00e4hlt.<\/p>\n","protected":false},"excerpt":{"rendered":"<p>Da hast du dich &#8211; so wie ich gestern Vormittag &#8211; ausgiebig mit Mensch, Menschen und Menschheit befa\u00dft, machst dich dann nachmittags mit dem T\u00f6chterchen auf den Weg zum Zahnarzt, steigst aus dem Auto,\u00a0 stehst unversehens vor einem Bus mit der Aufschrift &#8211; und mu\u00dft lachen, denn manche Menschen, Jupp Heynckes etwa, \u00a0sagen ja wirklich [&hellip;]<\/p>\n","protected":false},"author":1,"featured_media":0,"comment_status":"open","ping_status":"open","sticky":false,"template":"","format":"standard","meta":[],"categories":[1],"tags":[],"_links":{"self":[{"href":"http:\/\/blog.sanktneff.de\/index.php?rest_route=\/wp\/v2\/posts\/1147"}],"collection":[{"href":"http:\/\/blog.sanktneff.de\/index.php?rest_route=\/wp\/v2\/posts"}],"about":[{"href":"http:\/\/blog.sanktneff.de\/index.php?rest_route=\/wp\/v2\/types\/post"}],"author":[{"embeddable":true,"href":"http:\/\/blog.sanktneff.de\/index.php?rest_route=\/wp\/v2\/users\/1"}],"replies":[{"embeddable":true,"href":"http:\/\/blog.sanktneff.de\/index.php?rest_route=%2Fwp%2Fv2%2Fcomments&post=1147"}],"version-history":[{"count":7,"href":"http:\/\/blog.sanktneff.de\/index.php?rest_route=\/wp\/v2\/posts\/1147\/revisions"}],"predecessor-version":[{"id":1182,"href":"http:\/\/blog.sanktneff.de\/index.php?rest_route=\/wp\/v2\/posts\/1147\/revisions\/1182"}],"wp:attachment":[{"href":"http:\/\/blog.sanktneff.de\/index.php?rest_route=%2Fwp%2Fv2%2Fmedia&parent=1147"}],"wp:term":[{"taxonomy":"category","embeddable":true,"href":"http:\/\/blog.sanktneff.de\/index.php?rest_route=%2Fwp%2Fv2%2Fcategories&post=1147"},{"taxonomy":"post_tag","embeddable":true,"href":"http:\/\/blog.sanktneff.de\/index.php?rest_route=%2Fwp%2Fv2%2Ftags&post=1147"}],"curies":[{"name":"wp","href":"https:\/\/api.w.org\/{rel}","templated":true}]}}