{"id":1194,"date":"2017-09-12T10:19:08","date_gmt":"2017-09-12T08:19:08","guid":{"rendered":"http:\/\/blog.sanktneff.de\/?p=1194"},"modified":"2019-12-16T17:18:04","modified_gmt":"2019-12-16T15:18:04","slug":"sankt-neffs-beitrag-zur-bundestagswahl","status":"publish","type":"post","link":"http:\/\/blog.sanktneff.de\/?p=1194","title":{"rendered":"Sankt Neffs Beitrag zur Bundestagswahl"},"content":{"rendered":"<p align=\"JUSTIFY\"><strong>&#8222;Wo sagt einer: \u00b4Ich strebe nach Gl\u00fcck f\u00fcr meine Untertanen, nach dem rechten Ma\u00df, nach Wohlstand und Ruhe, ich suche ihnen die stabilen Bedingungen zu verschaffen, unter denen die gro\u00dfen G\u00fcter des Lebens &#8211; die Kunst, die Familie, die Arbeit, die W\u00fcrde &#8211; gedeihen k\u00f6nnen.\u00b4 Es gilt in Europa einen Bund des Gl\u00fccks zu begr\u00fcnden, einen Bund derjenigen, die es nicht sch\u00e4tzen, wenn man ihnen auf die Nerven geht, und die ihrerseits die feste Zusicherung geben, den anderen nicht auf die Nerven zu gehen!&#8220;<\/strong><\/p>\n<p align=\"JUSTIFY\">Das ist ein politisches Programm, das mir sehr einleuchtet. Ich fand es in Vitaliano Brancatis Roman &#8222;Leonardos Freude&#8220; (S. 142), der 1941 ver\u00f6ffentlicht wurde und auch sonst lesenswert und lustig ist.<\/p>\n","protected":false},"excerpt":{"rendered":"<p>&#8222;Wo sagt einer: \u00b4Ich strebe nach Gl\u00fcck f\u00fcr meine Untertanen, nach dem rechten Ma\u00df, nach Wohlstand und Ruhe, ich suche ihnen die stabilen Bedingungen zu verschaffen, unter denen die gro\u00dfen G\u00fcter des Lebens &#8211; die Kunst, die Familie, die Arbeit, die W\u00fcrde &#8211; gedeihen k\u00f6nnen.\u00b4 Es gilt in Europa einen Bund des Gl\u00fccks zu begr\u00fcnden, [&hellip;]<\/p>\n","protected":false},"author":1,"featured_media":0,"comment_status":"open","ping_status":"open","sticky":false,"template":"","format":"standard","meta":[],"categories":[1],"tags":[],"_links":{"self":[{"href":"http:\/\/blog.sanktneff.de\/index.php?rest_route=\/wp\/v2\/posts\/1194"}],"collection":[{"href":"http:\/\/blog.sanktneff.de\/index.php?rest_route=\/wp\/v2\/posts"}],"about":[{"href":"http:\/\/blog.sanktneff.de\/index.php?rest_route=\/wp\/v2\/types\/post"}],"author":[{"embeddable":true,"href":"http:\/\/blog.sanktneff.de\/index.php?rest_route=\/wp\/v2\/users\/1"}],"replies":[{"embeddable":true,"href":"http:\/\/blog.sanktneff.de\/index.php?rest_route=%2Fwp%2Fv2%2Fcomments&post=1194"}],"version-history":[{"count":3,"href":"http:\/\/blog.sanktneff.de\/index.php?rest_route=\/wp\/v2\/posts\/1194\/revisions"}],"predecessor-version":[{"id":2301,"href":"http:\/\/blog.sanktneff.de\/index.php?rest_route=\/wp\/v2\/posts\/1194\/revisions\/2301"}],"wp:attachment":[{"href":"http:\/\/blog.sanktneff.de\/index.php?rest_route=%2Fwp%2Fv2%2Fmedia&parent=1194"}],"wp:term":[{"taxonomy":"category","embeddable":true,"href":"http:\/\/blog.sanktneff.de\/index.php?rest_route=%2Fwp%2Fv2%2Fcategories&post=1194"},{"taxonomy":"post_tag","embeddable":true,"href":"http:\/\/blog.sanktneff.de\/index.php?rest_route=%2Fwp%2Fv2%2Ftags&post=1194"}],"curies":[{"name":"wp","href":"https:\/\/api.w.org\/{rel}","templated":true}]}}