{"id":1239,"date":"2017-02-24T20:00:11","date_gmt":"2017-02-24T18:00:11","guid":{"rendered":"http:\/\/blog.sanktneff.de\/?p=1239"},"modified":"2019-12-16T17:24:19","modified_gmt":"2019-12-16T15:24:19","slug":"dreimal-karneval","status":"publish","type":"post","link":"http:\/\/blog.sanktneff.de\/?p=1239","title":{"rendered":"Dreimal Karneval"},"content":{"rendered":"<p style=\"text-align: justify;\">Meine Initialisierung in die hemmungslosen Freuden des Karnevals fand an einem Weiberfastnacht-Donnerstag in einer K\u00f6lner Kneipe statt.\u00a0 Freund Andreas und ich, beide noch jung und ungebunden,\u00a0kamen gerade vom Klo und trafen auf eine Nonne. Andreas stellte sich ihr in den Weg und sagte:<\/p>\n<p style=\"text-align: justify;\"><strong>&#8222;Bitte segne mich!&#8220;<\/strong><\/p>\n<p style=\"text-align: justify;\">Die Nonne z\u00f6gerte keine Sekunde, schnappte sich den Bittsteller, legte ihm einen Arm um den Hals, zog ihn an sich und k\u00fc\u00dfte ihn so fest wie langanhaltend auf den Mund.\u00a0 Wenn das so ist, m\u00f6chte ich ein Teil davon sein, dachte ich, machte mit und wurde ein Teil davon.<\/p>\n<p style=\"text-align: justify;\">*<\/p>\n<p style=\"text-align: justify;\">Ein oder zwei Jahre sp\u00e4ter waren wir an\u00a0Weiberfastnacht wieder gemeinsam unterwegs, feierten, verloren uns aber im rauschhaften Laufe des Tages und der\u00a0Nacht im Get\u00fcmmel aus den Augen. Mobiltelefone hatten wir nicht.\u00a0\u00a0Anders als geplant \u00fcbernachtete ich\u00a0nicht bei\u00a0Andreas, sondern woanders. Erst am n\u00e4chsten Nachmittag kehrte ich in seine Wohnung zur\u00fcck. Mir bot sich ein Bild der totalen Kapitulation vor dem Kater:\u00a0 Der Mann lag im Bett und sah im Fernsehen\u00a0&#8222;Pippi Langstrumpf&#8220;.\u00a0 Kraftlos schaute er mich an und fragte:<\/p>\n<p style=\"text-align: justify;\"><strong>&#8222;Wo warst du denn die ganze Nacht? Ich hab schon bei der Feuerwehr angerufen. Aber die haben gesagt: \u00b4Br\u00fcck? Hamma\u00a0 nit jefohre.\u00b4&#8220;<\/strong><\/p>\n<p style=\"text-align: justify;\">*<\/p>\n<p style=\"text-align: justify;\">Inzwischen\u00a0sind wir \u00e4lter und\u00a0Andreas meidet Alkohol wie Karneval.\u00a0 An Weiberfastnacht erlebt er aber immer noch Lustiges. Doch lest selbst:<\/p>\n<p style=\"text-align: justify;\"><strong>&#8222;Die Liebste und ich\u00a0gehen am Weiberfastnachts-Nachmittag traddidsjenell\u00a0 gerne in die Sauna.\u00a0 Und obwohl die im Mauritius-Hotel direkt hinter meinem\u00a0 Haus liegt, hei\u00dft es trotzdem immer wieder Tasche packen, anziehen, umziehen\u00a0 und alles.\u00a0 Gestern habe ich gedacht &#8211; och, sind doch eh alle verkleidet, da ziehe ich\u00a0 mir den Bademantel und die Latschen\u00a0schon zuhause an und geh\u00a0 einfach so r\u00fcber. Ist auch keinem aufgefallen, haha.\u00a0 War ganz normal.<\/strong><br \/>\n<strong> Auf dem R\u00fcckweg ist mir dann noch einer begegnet, der als VERKLEIDUNG einen\u00a0 Bademantel und Schlafanzug anhatte &#8211; da haben wir uns gefreut\u00a0und\u00a0mit\u00a0 Handschlag begr\u00fc\u00dft. Hab ihm dann noch gesagt, dass ich gar nicht verkleidet\u00a0 war, sondern einfach nur aus der Sauna\u00a0komme. Der hat vielleicht\u00a0 gelacht.&#8220;<\/strong><\/p>\n<p style=\"text-align: justify;\"><a href=\"http:\/\/blog.sanktneff.de\/wp-content\/uploads\/2017\/02\/Andreas-im-Bademantel.jpg\"><img loading=\"lazy\" class=\"aligncenter size-large wp-image-1243\" src=\"http:\/\/blog.sanktneff.de\/wp-content\/uploads\/2017\/02\/Andreas-im-Bademantel-768x1024.jpg\" alt=\"Andreas im Bademantel\" width=\"474\" height=\"632\" srcset=\"http:\/\/blog.sanktneff.de\/wp-content\/uploads\/2017\/02\/Andreas-im-Bademantel-768x1024.jpg 768w, http:\/\/blog.sanktneff.de\/wp-content\/uploads\/2017\/02\/Andreas-im-Bademantel-225x300.jpg 225w, http:\/\/blog.sanktneff.de\/wp-content\/uploads\/2017\/02\/Andreas-im-Bademantel.jpg 1200w\" sizes=\"(max-width: 474px) 100vw, 474px\" \/><\/a><\/p>\n<p style=\"text-align: justify;\">An Karneval nur so zu tun, als sei man verkleidet: Eine besonders subtile Form der Heiterkeit.<\/p>\n","protected":false},"excerpt":{"rendered":"<p>Meine Initialisierung in die hemmungslosen Freuden des Karnevals fand an einem Weiberfastnacht-Donnerstag in einer K\u00f6lner Kneipe statt.\u00a0 Freund Andreas und ich, beide noch jung und ungebunden,\u00a0kamen gerade vom Klo und trafen auf eine Nonne. Andreas stellte sich ihr in den Weg und sagte: &#8222;Bitte segne mich!&#8220; Die Nonne z\u00f6gerte keine Sekunde, schnappte sich den Bittsteller, [&hellip;]<\/p>\n","protected":false},"author":1,"featured_media":0,"comment_status":"open","ping_status":"open","sticky":false,"template":"","format":"standard","meta":[],"categories":[1],"tags":[],"_links":{"self":[{"href":"http:\/\/blog.sanktneff.de\/index.php?rest_route=\/wp\/v2\/posts\/1239"}],"collection":[{"href":"http:\/\/blog.sanktneff.de\/index.php?rest_route=\/wp\/v2\/posts"}],"about":[{"href":"http:\/\/blog.sanktneff.de\/index.php?rest_route=\/wp\/v2\/types\/post"}],"author":[{"embeddable":true,"href":"http:\/\/blog.sanktneff.de\/index.php?rest_route=\/wp\/v2\/users\/1"}],"replies":[{"embeddable":true,"href":"http:\/\/blog.sanktneff.de\/index.php?rest_route=%2Fwp%2Fv2%2Fcomments&post=1239"}],"version-history":[{"count":10,"href":"http:\/\/blog.sanktneff.de\/index.php?rest_route=\/wp\/v2\/posts\/1239\/revisions"}],"predecessor-version":[{"id":2304,"href":"http:\/\/blog.sanktneff.de\/index.php?rest_route=\/wp\/v2\/posts\/1239\/revisions\/2304"}],"wp:attachment":[{"href":"http:\/\/blog.sanktneff.de\/index.php?rest_route=%2Fwp%2Fv2%2Fmedia&parent=1239"}],"wp:term":[{"taxonomy":"category","embeddable":true,"href":"http:\/\/blog.sanktneff.de\/index.php?rest_route=%2Fwp%2Fv2%2Fcategories&post=1239"},{"taxonomy":"post_tag","embeddable":true,"href":"http:\/\/blog.sanktneff.de\/index.php?rest_route=%2Fwp%2Fv2%2Ftags&post=1239"}],"curies":[{"name":"wp","href":"https:\/\/api.w.org\/{rel}","templated":true}]}}