{"id":1252,"date":"2017-03-05T18:59:25","date_gmt":"2017-03-05T16:59:25","guid":{"rendered":"http:\/\/blog.sanktneff.de\/?p=1252"},"modified":"2020-01-03T18:37:06","modified_gmt":"2020-01-03T16:37:06","slug":"kein-kaisers-mehr","status":"publish","type":"post","link":"http:\/\/blog.sanktneff.de\/?p=1252","title":{"rendered":"Kein Kaiser\u00b4s mehr"},"content":{"rendered":"<p style=\"text-align: justify;\">Der Kaiser\u00b4s bei uns unten an der Ecke hei\u00dft seit ein paar Tagen\u00a0&#8222;Rewe City&#8220;. Wie gut, da\u00df ich die lachende Kaffeekanne noch schnell fotografiert habe. Sie ist n\u00e4mlich jetzt f\u00fcr immer weg, aus dem Stadtbild verschwunden.<\/p>\n<p><a href=\"http:\/\/blog.sanktneff.de\/wp-content\/uploads\/2017\/03\/Kaiser\u00b4s.jpg\"><img loading=\"lazy\" class=\"aligncenter size-large wp-image-1253\" src=\"http:\/\/blog.sanktneff.de\/wp-content\/uploads\/2017\/03\/Kaiser\u00b4s-1024x768.jpg\" alt=\"Kaiser\u00b4s\" width=\"474\" height=\"355\" srcset=\"http:\/\/blog.sanktneff.de\/wp-content\/uploads\/2017\/03\/Kaiser\u00b4s-1024x768.jpg 1024w, http:\/\/blog.sanktneff.de\/wp-content\/uploads\/2017\/03\/Kaiser\u00b4s-300x225.jpg 300w\" sizes=\"(max-width: 474px) 100vw, 474px\" \/><\/a><\/p>\n<p>Ein ehrendes Andenken bewahrt wird der Supermarkt-Kette auch in meinem Gedicht<\/p>\n<p>&nbsp;<\/p>\n<p><strong>Kleines Panoptikum<\/strong><\/p>\n<p>&nbsp;<\/p>\n<p>Frauen, die auf Hummeln fliegen,<\/p>\n<p>M\u00e4nner, die im Dunkeln b\u00fcgeln,<\/p>\n<p>Puppen, die in Pf\u00fctzen liegen,<\/p>\n<p>Kr\u00e4hen, die die Angst befl\u00fcgeln,<\/p>\n<p>&nbsp;<\/p>\n<p>Ferkel, die an Br\u00fcsten trinken,<\/p>\n<p>Schw\u00e4ne, die auf Schienen gleiten,<\/p>\n<p>M\u00fctzen, die im Sumpf versinken,<\/p>\n<p>Gabeln, die mit Messern streiten,<\/p>\n<p>&nbsp;<\/p>\n<p>Riesen, die auf Stelzen laufen,<\/p>\n<p>Zwerge, die die W\u00e4nde wei\u00dfen,<\/p>\n<p>Bettler, die bei Kaiser\u00b4s kaufen,<\/p>\n<p>M\u00e4use, die in Mettwurst bei\u00dfen,<\/p>\n<p>&nbsp;<\/p>\n<p>M\u00f6bel, die sich selbst verr\u00fccken,<\/p>\n<p>H\u00e4schen, die im Rollstuhl sitzen,<\/p>\n<p>K\u00fche, die Kamillen pfl\u00fccken,<\/p>\n<p>Spatzen, die die Ohren spitzen,<\/p>\n<p>&nbsp;<\/p>\n<p>Jogger, die beim Joggen rauchen,<\/p>\n<p>Kn\u00f6pfe, die von Hosen springen,<\/p>\n<p>Taucher, die ein Streichholz brauchen,<\/p>\n<p>Klingen, die in K\u00f6rper dringen,<\/p>\n<p>&nbsp;<\/p>\n<p>Kinder, die Absinth bestellen,<\/p>\n<p>F\u00fcchse, die die Schuhe schn\u00fcren,<\/p>\n<p>Glieder, die zur Unzeit schwellen,<\/p>\n<p>will ich euch vor Augen f\u00fchren.<\/p>\n<p>&nbsp;<\/p>\n<p>Das ist hiermit auch geschehen.<\/p>\n<p>Guten Tag. Auf Wiedersehen.<\/p>\n","protected":false},"excerpt":{"rendered":"<p>Der Kaiser\u00b4s bei uns unten an der Ecke hei\u00dft seit ein paar Tagen\u00a0&#8222;Rewe City&#8220;. Wie gut, da\u00df ich die lachende Kaffeekanne noch schnell fotografiert habe. Sie ist n\u00e4mlich jetzt f\u00fcr immer weg, aus dem Stadtbild verschwunden. Ein ehrendes Andenken bewahrt wird der Supermarkt-Kette auch in meinem Gedicht &nbsp; Kleines Panoptikum &nbsp; Frauen, die auf Hummeln [&hellip;]<\/p>\n","protected":false},"author":1,"featured_media":0,"comment_status":"open","ping_status":"open","sticky":false,"template":"","format":"standard","meta":[],"categories":[1],"tags":[],"_links":{"self":[{"href":"http:\/\/blog.sanktneff.de\/index.php?rest_route=\/wp\/v2\/posts\/1252"}],"collection":[{"href":"http:\/\/blog.sanktneff.de\/index.php?rest_route=\/wp\/v2\/posts"}],"about":[{"href":"http:\/\/blog.sanktneff.de\/index.php?rest_route=\/wp\/v2\/types\/post"}],"author":[{"embeddable":true,"href":"http:\/\/blog.sanktneff.de\/index.php?rest_route=\/wp\/v2\/users\/1"}],"replies":[{"embeddable":true,"href":"http:\/\/blog.sanktneff.de\/index.php?rest_route=%2Fwp%2Fv2%2Fcomments&post=1252"}],"version-history":[{"count":5,"href":"http:\/\/blog.sanktneff.de\/index.php?rest_route=\/wp\/v2\/posts\/1252\/revisions"}],"predecessor-version":[{"id":2385,"href":"http:\/\/blog.sanktneff.de\/index.php?rest_route=\/wp\/v2\/posts\/1252\/revisions\/2385"}],"wp:attachment":[{"href":"http:\/\/blog.sanktneff.de\/index.php?rest_route=%2Fwp%2Fv2%2Fmedia&parent=1252"}],"wp:term":[{"taxonomy":"category","embeddable":true,"href":"http:\/\/blog.sanktneff.de\/index.php?rest_route=%2Fwp%2Fv2%2Fcategories&post=1252"},{"taxonomy":"post_tag","embeddable":true,"href":"http:\/\/blog.sanktneff.de\/index.php?rest_route=%2Fwp%2Fv2%2Ftags&post=1252"}],"curies":[{"name":"wp","href":"https:\/\/api.w.org\/{rel}","templated":true}]}}