{"id":1422,"date":"2017-08-29T10:27:58","date_gmt":"2017-08-29T08:27:58","guid":{"rendered":"http:\/\/blog.sanktneff.de\/?p=1422"},"modified":"2017-10-06T15:12:37","modified_gmt":"2017-10-06T13:12:37","slug":"ratet-mal","status":"publish","type":"post","link":"http:\/\/blog.sanktneff.de\/?p=1422","title":{"rendered":"Ratet mal,"},"content":{"rendered":"<p style=\"text-align: justify;\">liebe Jungautorinnnen Alina Herbing, Juliana K\u00e1lnay, Maren Kames und Kathrin Bach, die Ihr zur gleichen Zeit am Literaturinstitut Hildesheim studiert habt und neulich<\/p>\n<p style=\"text-align: justify;\"><strong>&#8222;in einer gro\u00dfen Altbauk\u00fcche in Berlin-Neuk\u00f6lln&#8220;<\/strong><\/p>\n<p style=\"text-align: justify;\">zusammengekommen seid, um dort<\/p>\n<p style=\"text-align: justify;\"><strong>&#8222;Glasnudelsalat&#8220;<\/strong><\/p>\n<p style=\"text-align: justify;\">zu verspeisen und mit der Journalistin Anna Fastabend von der \u00b4S\u00fcddeutschen Zeitung\u00b4 ein Gespr\u00e4ch \u00fcber Euer<\/p>\n<p style=\"text-align: justify;\"><strong>&#8222;Schreiben, das Leben als Schriftstellerinnen und den Sexismus im Literaturbetrieb&#8220;<\/strong><\/p>\n<p style=\"text-align: justify;\">zu f\u00fchren, in dessen Verlauf Ihr zu Protokoll gabt,<\/p>\n<p style=\"text-align: justify;\"><strong>&#8222;Ilse Aichinger total spannend&#8220;<\/strong><\/p>\n<p style=\"text-align: justify;\">und Christa Wolf<\/p>\n<p style=\"text-align: justify;\"><strong>&#8222;wichtig&#8220;<\/strong><\/p>\n<p style=\"text-align: justify;\">zu finden, Goethes Gretchen f\u00fcr ein<\/p>\n<p style=\"text-align: justify;\"><strong>&#8222;krasses Opfer&#8220;<\/strong><\/p>\n<p style=\"text-align: justify;\">zu halten, von manchen Autoren<\/p>\n<p style=\"text-align: justify;\"><strong>&#8222;nur Eisbergspitzen&#8220;<\/strong><\/p>\n<p style=\"text-align: justify;\">zu lesen und den Rest<\/p>\n<p style=\"text-align: justify;\"><strong>&#8222;f\u00fcr sp\u00e4ter&#8220;<\/strong><\/p>\n<p style=\"text-align: justify;\">aufzusparen, Euch besonders f\u00fcr den<\/p>\n<p style=\"text-align: justify;\"><strong>&#8222;Hallraum&#8220;<\/strong><\/p>\n<p style=\"text-align: justify;\">einer<\/p>\n<p style=\"text-align: justify;\"><strong>&#8222;Autorinnenpers\u00f6nlichkeit&#8220;<\/strong><\/p>\n<p style=\"text-align: justify;\">zu interessieren, f\u00fcr das<\/p>\n<p style=\"text-align: justify;\"><strong>&#8222;Koordinatennetz von Produktionsweisen und Haltungen&#8220;,<\/strong><\/p>\n<p style=\"text-align: justify;\">in dem Ihr Euch<\/p>\n<p style=\"text-align: justify;\"><strong>&#8222;zu Hause&#8220;<\/strong><\/p>\n<p style=\"text-align: justify;\">f\u00fchlt und das Euch<\/p>\n<p style=\"text-align: justify;\"><strong>&#8222;als Referenzpunkt guttut&#8220;,<\/strong><\/p>\n<p style=\"text-align: justify;\">schlie\u00dflich aber auch fordertet,<\/p>\n<p style=\"text-align: justify;\"><strong> &#8222;in den Lekt\u00fcren auf mehr Diversit\u00e4t zu achten&#8220;,<\/strong><\/p>\n<p style=\"text-align: justify;\"><strong> &#8222;Verhaltensweisen und Denkmuster zu hinterfragen&#8220;,<\/strong><\/p>\n<p style=\"text-align: justify;\"><strong>&#8222;sich auch Macht- und Abh\u00e4ngigkeitsverh\u00e4ltnisse bewusst&#8220;<\/strong><\/p>\n<p style=\"text-align: justify;\">zu machen und<\/p>\n<p style=\"text-align: justify;\"><strong> &#8222;eine st\u00e4rkere Sensibilit\u00e4t daf\u00fcr&#8220;<\/strong><\/p>\n<p style=\"text-align: justify;\">zu entwickeln, ratet also jetzt doch bitte mal, liebe Jungautorinnen, wieviel von Eurem Werk ich nach Lekt\u00fcre dieses Interviews zu lesen Lust versp\u00fcre?<\/p>\n<p style=\"text-align: justify;\">Nicht mal den Hauch einer Eisbergspitze.<\/p>\n","protected":false},"excerpt":{"rendered":"<p>liebe Jungautorinnnen Alina Herbing, Juliana K\u00e1lnay, Maren Kames und Kathrin Bach, die Ihr zur gleichen Zeit am Literaturinstitut Hildesheim studiert habt und neulich &#8222;in einer gro\u00dfen Altbauk\u00fcche in Berlin-Neuk\u00f6lln&#8220; zusammengekommen seid, um dort &#8222;Glasnudelsalat&#8220; zu verspeisen und mit der Journalistin Anna Fastabend von der \u00b4S\u00fcddeutschen Zeitung\u00b4 ein Gespr\u00e4ch \u00fcber Euer &#8222;Schreiben, das Leben als Schriftstellerinnen [&hellip;]<\/p>\n","protected":false},"author":1,"featured_media":0,"comment_status":"open","ping_status":"open","sticky":false,"template":"","format":"standard","meta":[],"categories":[1],"tags":[],"_links":{"self":[{"href":"http:\/\/blog.sanktneff.de\/index.php?rest_route=\/wp\/v2\/posts\/1422"}],"collection":[{"href":"http:\/\/blog.sanktneff.de\/index.php?rest_route=\/wp\/v2\/posts"}],"about":[{"href":"http:\/\/blog.sanktneff.de\/index.php?rest_route=\/wp\/v2\/types\/post"}],"author":[{"embeddable":true,"href":"http:\/\/blog.sanktneff.de\/index.php?rest_route=\/wp\/v2\/users\/1"}],"replies":[{"embeddable":true,"href":"http:\/\/blog.sanktneff.de\/index.php?rest_route=%2Fwp%2Fv2%2Fcomments&post=1422"}],"version-history":[{"count":2,"href":"http:\/\/blog.sanktneff.de\/index.php?rest_route=\/wp\/v2\/posts\/1422\/revisions"}],"predecessor-version":[{"id":1473,"href":"http:\/\/blog.sanktneff.de\/index.php?rest_route=\/wp\/v2\/posts\/1422\/revisions\/1473"}],"wp:attachment":[{"href":"http:\/\/blog.sanktneff.de\/index.php?rest_route=%2Fwp%2Fv2%2Fmedia&parent=1422"}],"wp:term":[{"taxonomy":"category","embeddable":true,"href":"http:\/\/blog.sanktneff.de\/index.php?rest_route=%2Fwp%2Fv2%2Fcategories&post=1422"},{"taxonomy":"post_tag","embeddable":true,"href":"http:\/\/blog.sanktneff.de\/index.php?rest_route=%2Fwp%2Fv2%2Ftags&post=1422"}],"curies":[{"name":"wp","href":"https:\/\/api.w.org\/{rel}","templated":true}]}}