{"id":1547,"date":"2017-12-22T14:14:35","date_gmt":"2017-12-22T12:14:35","guid":{"rendered":"http:\/\/blog.sanktneff.de\/?p=1547"},"modified":"2020-01-03T21:55:32","modified_gmt":"2020-01-03T19:55:32","slug":"denkwuerdige-engel-niedliche-jesusse","status":"publish","type":"post","link":"http:\/\/blog.sanktneff.de\/?p=1547","title":{"rendered":"Bedenkliche Engel, niedliche Jesusse"},"content":{"rendered":"<p style=\"text-align: justify;\">Es war einmal eine \u00e4ltere Frau, die auf dem Weihnachtsbasar der Behinderten-Schule ganz arglos einen Engel kaufte.\u00a0 Ihr nicht ganz so argloser Sohn wunderte sich dann, was f\u00fcr ein denkw\u00fcrdiges Teil er zwischen Pl\u00e4tzchen und Geschenken f\u00fcr seine Kinder im Adventspaket fand:<\/p>\n<p style=\"text-align: justify;\"><a href=\"http:\/\/blog.sanktneff.de\/wp-content\/uploads\/2017\/12\/Dildo-Engel.jpg\"><img loading=\"lazy\" class=\"aligncenter size-full wp-image-1548\" src=\"http:\/\/blog.sanktneff.de\/wp-content\/uploads\/2017\/12\/Dildo-Engel.jpg\" alt=\"Dildo-Engel\" width=\"2448\" height=\"3264\" srcset=\"http:\/\/blog.sanktneff.de\/wp-content\/uploads\/2017\/12\/Dildo-Engel.jpg 2448w, http:\/\/blog.sanktneff.de\/wp-content\/uploads\/2017\/12\/Dildo-Engel-225x300.jpg 225w, http:\/\/blog.sanktneff.de\/wp-content\/uploads\/2017\/12\/Dildo-Engel-768x1024.jpg 768w\" sizes=\"(max-width: 2448px) 100vw, 2448px\" \/><\/a><\/p>\n<p style=\"text-align: justify;\">Im Jahr drauf erreichte ihn wieder ein solches Paket.\u00a0 Auch diesmal war ein Engel drin:<\/p>\n<p style=\"text-align: justify;\"><a href=\"http:\/\/blog.sanktneff.de\/wp-content\/uploads\/2017\/12\/Engel-ohne-Kopf.jpg\"><img loading=\"lazy\" class=\"aligncenter size-full wp-image-1549\" src=\"http:\/\/blog.sanktneff.de\/wp-content\/uploads\/2017\/12\/Engel-ohne-Kopf.jpg\" alt=\"Engel ohne Kopf\" width=\"2448\" height=\"3264\" srcset=\"http:\/\/blog.sanktneff.de\/wp-content\/uploads\/2017\/12\/Engel-ohne-Kopf.jpg 2448w, http:\/\/blog.sanktneff.de\/wp-content\/uploads\/2017\/12\/Engel-ohne-Kopf-225x300.jpg 225w, http:\/\/blog.sanktneff.de\/wp-content\/uploads\/2017\/12\/Engel-ohne-Kopf-768x1024.jpg 768w\" sizes=\"(max-width: 2448px) 100vw, 2448px\" \/><\/a><\/p>\n<p style=\"text-align: justify;\">In diesem Jahr hat das T\u00f6chterchen abends vor dem Zubettgehen noch schnell eine Krippe gebastelt mit Stern und Baum und Schafen.\u00a0 Im Zentrum nat\u00fcrlich das sehr niedliche Jesuskind, gebettet auf Watte und Muffin-Papier und mit Haaren versehen, die eigens einem Kuscheltier abgeschnitten wurden:<\/p>\n<p style=\"text-align: justify;\"><a href=\"http:\/\/blog.sanktneff.de\/wp-content\/uploads\/2017\/12\/Erdnu\u00df-Jesus-e1513703982292.jpg\"><img loading=\"lazy\" class=\"aligncenter size-full wp-image-1550\" src=\"http:\/\/blog.sanktneff.de\/wp-content\/uploads\/2017\/12\/Erdnu\u00df-Jesus-e1513703982292.jpg\" alt=\"Erdnu\u00df-Jesus\" width=\"2439\" height=\"1534\" srcset=\"http:\/\/blog.sanktneff.de\/wp-content\/uploads\/2017\/12\/Erdnu\u00df-Jesus-e1513703982292.jpg 2439w, http:\/\/blog.sanktneff.de\/wp-content\/uploads\/2017\/12\/Erdnu\u00df-Jesus-e1513703982292-300x188.jpg 300w, http:\/\/blog.sanktneff.de\/wp-content\/uploads\/2017\/12\/Erdnu\u00df-Jesus-e1513703982292-1024x644.jpg 1024w\" sizes=\"(max-width: 2439px) 100vw, 2439px\" \/><\/a><\/p>\n<p style=\"text-align: justify;\">Nach dem Erdnu\u00df-Jesus nun noch eine kleine, auf wahren Begebenheiten beruhende Weihnachts-Erz\u00e4hlung:<\/p>\n<p style=\"text-align: justify;\"><strong>In der folgenden Geschichte ist alles klein: zum Beispiel die Krippe, die im Kindergarten aufgebaut war. Noch kleiner nat\u00fcrlich Maria und Joseph und die Ochsen im Stall. Am allerkleinsten, geradezu klitzeklein: das Jesuskind im Stroh.<\/strong><\/p>\n<p align=\"JUSTIFY\"><strong>Und vor der Krippe ein kleines M\u00e4dchen, das sich auf die Lippe bi\u00df und dachte: Das klitzekleine Jesuskind, das h\u00e4tte ich sehr gerne ganz f\u00fcr mich alleine. Eja, eja, mein eigen soll es sein.<\/strong><\/p>\n<p align=\"JUSTIFY\"><strong>Ein Handgriff und das klitzekleine Jesuskind verschwand in der Faust des kleinen M\u00e4dchens und auf der Toilette dann an einem<\/strong> <strong>sicheren Ort, sicher vor den Augen der anderen.<\/strong><\/p>\n<p align=\"JUSTIFY\"><strong>Als das kleine M\u00e4dchen nachmittags zuhause war, endlich allein im Zimmer, zog es sich die Hose herunter und die Unterhose, nahm das klitzekleine Jesuskind vorsichtig heraus und bereitete ihm ein bequemes Nachtlager. Dann betrachtete das kleine M\u00e4dchen das klitzekleine Jesuskind und dachte: Morgen werde ich es wieder zur\u00fcckbringen vielleicht.<\/strong><\/p>\n<p align=\"JUSTIFY\">*<\/p>\n<p align=\"JUSTIFY\"><strong>Das Jesuskind wurde im Schl\u00fcpfer entf\u00fchrt<\/strong><\/p>\n<p align=\"JUSTIFY\"><strong>&#8211; ich glaube, da war sogar Gott anger\u00fchrt.<\/strong><\/p>\n","protected":false},"excerpt":{"rendered":"<p>Es war einmal eine \u00e4ltere Frau, die auf dem Weihnachtsbasar der Behinderten-Schule ganz arglos einen Engel kaufte.\u00a0 Ihr nicht ganz so argloser Sohn wunderte sich dann, was f\u00fcr ein denkw\u00fcrdiges Teil er zwischen Pl\u00e4tzchen und Geschenken f\u00fcr seine Kinder im Adventspaket fand: Im Jahr drauf erreichte ihn wieder ein solches Paket.\u00a0 Auch diesmal war ein [&hellip;]<\/p>\n","protected":false},"author":1,"featured_media":0,"comment_status":"open","ping_status":"open","sticky":false,"template":"","format":"standard","meta":[],"categories":[1],"tags":[],"_links":{"self":[{"href":"http:\/\/blog.sanktneff.de\/index.php?rest_route=\/wp\/v2\/posts\/1547"}],"collection":[{"href":"http:\/\/blog.sanktneff.de\/index.php?rest_route=\/wp\/v2\/posts"}],"about":[{"href":"http:\/\/blog.sanktneff.de\/index.php?rest_route=\/wp\/v2\/types\/post"}],"author":[{"embeddable":true,"href":"http:\/\/blog.sanktneff.de\/index.php?rest_route=\/wp\/v2\/users\/1"}],"replies":[{"embeddable":true,"href":"http:\/\/blog.sanktneff.de\/index.php?rest_route=%2Fwp%2Fv2%2Fcomments&post=1547"}],"version-history":[{"count":8,"href":"http:\/\/blog.sanktneff.de\/index.php?rest_route=\/wp\/v2\/posts\/1547\/revisions"}],"predecessor-version":[{"id":2391,"href":"http:\/\/blog.sanktneff.de\/index.php?rest_route=\/wp\/v2\/posts\/1547\/revisions\/2391"}],"wp:attachment":[{"href":"http:\/\/blog.sanktneff.de\/index.php?rest_route=%2Fwp%2Fv2%2Fmedia&parent=1547"}],"wp:term":[{"taxonomy":"category","embeddable":true,"href":"http:\/\/blog.sanktneff.de\/index.php?rest_route=%2Fwp%2Fv2%2Fcategories&post=1547"},{"taxonomy":"post_tag","embeddable":true,"href":"http:\/\/blog.sanktneff.de\/index.php?rest_route=%2Fwp%2Fv2%2Ftags&post=1547"}],"curies":[{"name":"wp","href":"https:\/\/api.w.org\/{rel}","templated":true}]}}