{"id":1567,"date":"2017-12-27T14:09:52","date_gmt":"2017-12-27T12:09:52","guid":{"rendered":"http:\/\/blog.sanktneff.de\/?p=1567"},"modified":"2018-01-11T11:48:44","modified_gmt":"2018-01-11T09:48:44","slug":"wie-die-wirklichkeit-mal-wieder-die-literatur-imitierte","status":"publish","type":"post","link":"http:\/\/blog.sanktneff.de\/?p=1567","title":{"rendered":"Wie die Wirklichkeit mal wieder versuchte, die Literatur zu imitieren"},"content":{"rendered":"<p style=\"text-align: justify;\">Noch am Tag vor Weihnachten schrieb ich hier die Geschichte von\u00a0dem kleinen M\u00e4dchen auf, das in ihrem Schl\u00fcpfer das klitzekleine Jesuskind aus der\u00a0Kindergarten-Krippe entf\u00fchrte.<\/p>\n<p style=\"text-align: justify;\">Heute nun lese ich in der Zeitung, da\u00df am 1. Weihnachtstag auf dem Petersplatz in Rom eine Aktivistin der Gruppe &#8222;Femen&#8220; &#8211; wie \u00fcblich mit nacktem Oberk\u00f6rper &#8211;\u00a0versuchte, das alles andere als klitzekleine Jesuskind\u00a0aus der Krippe zu stehlen. Was ihr nicht gelang.<\/p>\n<p style=\"text-align: justify;\">Merke: In der heiligen Literatur gelingen Dinge, die in der profanen Wirklichkeit nicht so ohne weiteres m\u00f6glich sind. Irgendwie tr\u00f6stlich.<\/p>\n<p style=\"text-align: justify;\">Aber auch wieder nicht ganz richtig: Denn die Geschichte von dem im Schl\u00fcpfer entf\u00fchrten Jesuskind beruhte ja ihrerseits auf einer wahren Begebenheit.<\/p>\n<p style=\"text-align: justify;\">Vielleicht stimmt es f\u00fcr heute so: Die Literatur kann das Leben imitieren, nicht aber das Leben die Literatur.<\/p>\n","protected":false},"excerpt":{"rendered":"<p>Noch am Tag vor Weihnachten schrieb ich hier die Geschichte von\u00a0dem kleinen M\u00e4dchen auf, das in ihrem Schl\u00fcpfer das klitzekleine Jesuskind aus der\u00a0Kindergarten-Krippe entf\u00fchrte. Heute nun lese ich in der Zeitung, da\u00df am 1. Weihnachtstag auf dem Petersplatz in Rom eine Aktivistin der Gruppe &#8222;Femen&#8220; &#8211; wie \u00fcblich mit nacktem Oberk\u00f6rper &#8211;\u00a0versuchte, das alles andere [&hellip;]<\/p>\n","protected":false},"author":1,"featured_media":0,"comment_status":"open","ping_status":"open","sticky":false,"template":"","format":"standard","meta":[],"categories":[1],"tags":[],"_links":{"self":[{"href":"http:\/\/blog.sanktneff.de\/index.php?rest_route=\/wp\/v2\/posts\/1567"}],"collection":[{"href":"http:\/\/blog.sanktneff.de\/index.php?rest_route=\/wp\/v2\/posts"}],"about":[{"href":"http:\/\/blog.sanktneff.de\/index.php?rest_route=\/wp\/v2\/types\/post"}],"author":[{"embeddable":true,"href":"http:\/\/blog.sanktneff.de\/index.php?rest_route=\/wp\/v2\/users\/1"}],"replies":[{"embeddable":true,"href":"http:\/\/blog.sanktneff.de\/index.php?rest_route=%2Fwp%2Fv2%2Fcomments&post=1567"}],"version-history":[{"count":5,"href":"http:\/\/blog.sanktneff.de\/index.php?rest_route=\/wp\/v2\/posts\/1567\/revisions"}],"predecessor-version":[{"id":1582,"href":"http:\/\/blog.sanktneff.de\/index.php?rest_route=\/wp\/v2\/posts\/1567\/revisions\/1582"}],"wp:attachment":[{"href":"http:\/\/blog.sanktneff.de\/index.php?rest_route=%2Fwp%2Fv2%2Fmedia&parent=1567"}],"wp:term":[{"taxonomy":"category","embeddable":true,"href":"http:\/\/blog.sanktneff.de\/index.php?rest_route=%2Fwp%2Fv2%2Fcategories&post=1567"},{"taxonomy":"post_tag","embeddable":true,"href":"http:\/\/blog.sanktneff.de\/index.php?rest_route=%2Fwp%2Fv2%2Ftags&post=1567"}],"curies":[{"name":"wp","href":"https:\/\/api.w.org\/{rel}","templated":true}]}}