{"id":1595,"date":"2018-02-05T12:14:11","date_gmt":"2018-02-05T10:14:11","guid":{"rendered":"http:\/\/blog.sanktneff.de\/?p=1595"},"modified":"2018-02-05T16:04:30","modified_gmt":"2018-02-05T14:04:30","slug":"das-haette-ich-auch-nicht-gedacht-lena-gercke","status":"publish","type":"post","link":"http:\/\/blog.sanktneff.de\/?p=1595","title":{"rendered":"Das h\u00e4tte ich auch nicht gedacht, Lena Gercke,"},"content":{"rendered":"<p style=\"text-align: justify;\">da\u00df ich ausgerechnet mit einer wie Ihnen, die Ihrer Lehrmeisterin Heidi Klum an Kackbratzigkeit kaum nachsteht, mal einer Meinung sein w\u00fcrde. Aber wenn Sie der Zeitschrift \u201eJoy\u201c anvertrauen, Sie f\u00e4nden es \u201efurchtbar\u201c, sich im Fernsehen zu sehen, bin ich total d\u00b4accord. Auch Ihrer Analyse kann ich\u00a0sehr gut folgen: \u201eWie sich mein Gesicht bewegt, wenn ich spreche, und wie meine Stimme klingt \u2013 da sch\u00e4me ich mich echt fremd.\u201c Nur in der Ableitung haben Sie etwas mi\u00dfverstanden: F\u00fcr Ihre unangenehme Mimik und die schlimme Stimme sollten Sie sich einfach nur sch\u00e4men. Das <em>Fremd<\/em>sch\u00e4men \u00fcbernehmen gerne f\u00fcr Sie: alle anderen.<\/p>\n","protected":false},"excerpt":{"rendered":"<p>da\u00df ich ausgerechnet mit einer wie Ihnen, die Ihrer Lehrmeisterin Heidi Klum an Kackbratzigkeit kaum nachsteht, mal einer Meinung sein w\u00fcrde. Aber wenn Sie der Zeitschrift \u201eJoy\u201c anvertrauen, Sie f\u00e4nden es \u201efurchtbar\u201c, sich im Fernsehen zu sehen, bin ich total d\u00b4accord. Auch Ihrer Analyse kann ich\u00a0sehr gut folgen: \u201eWie sich mein Gesicht bewegt, wenn ich [&hellip;]<\/p>\n","protected":false},"author":1,"featured_media":0,"comment_status":"open","ping_status":"open","sticky":false,"template":"","format":"standard","meta":[],"categories":[1],"tags":[],"_links":{"self":[{"href":"http:\/\/blog.sanktneff.de\/index.php?rest_route=\/wp\/v2\/posts\/1595"}],"collection":[{"href":"http:\/\/blog.sanktneff.de\/index.php?rest_route=\/wp\/v2\/posts"}],"about":[{"href":"http:\/\/blog.sanktneff.de\/index.php?rest_route=\/wp\/v2\/types\/post"}],"author":[{"embeddable":true,"href":"http:\/\/blog.sanktneff.de\/index.php?rest_route=\/wp\/v2\/users\/1"}],"replies":[{"embeddable":true,"href":"http:\/\/blog.sanktneff.de\/index.php?rest_route=%2Fwp%2Fv2%2Fcomments&post=1595"}],"version-history":[{"count":3,"href":"http:\/\/blog.sanktneff.de\/index.php?rest_route=\/wp\/v2\/posts\/1595\/revisions"}],"predecessor-version":[{"id":1598,"href":"http:\/\/blog.sanktneff.de\/index.php?rest_route=\/wp\/v2\/posts\/1595\/revisions\/1598"}],"wp:attachment":[{"href":"http:\/\/blog.sanktneff.de\/index.php?rest_route=%2Fwp%2Fv2%2Fmedia&parent=1595"}],"wp:term":[{"taxonomy":"category","embeddable":true,"href":"http:\/\/blog.sanktneff.de\/index.php?rest_route=%2Fwp%2Fv2%2Fcategories&post=1595"},{"taxonomy":"post_tag","embeddable":true,"href":"http:\/\/blog.sanktneff.de\/index.php?rest_route=%2Fwp%2Fv2%2Ftags&post=1595"}],"curies":[{"name":"wp","href":"https:\/\/api.w.org\/{rel}","templated":true}]}}