{"id":3470,"date":"2022-01-23T17:29:31","date_gmt":"2022-01-23T15:29:31","guid":{"rendered":"http:\/\/blog.sanktneff.de\/?p=3470"},"modified":"2022-01-23T17:33:18","modified_gmt":"2022-01-23T15:33:18","slug":"gegen-veraenderung","status":"publish","type":"post","link":"http:\/\/blog.sanktneff.de\/?p=3470","title":{"rendered":"Blau bleiben"},"content":{"rendered":"<p style=\"text-align: justify;\">Ein Zeichen unserer Zeit ist ja das gebetsm\u00fchlenartig wiederholte Credo vom &#8222;st\u00e4ndigen Wandel&#8220;, sind Klischees wie &#8222;Nur wer sich \u00e4ndert, bleibt sich treu&#8220; etc.<\/p>\n<p style=\"text-align: justify;\">In PeterLichts Roman &#8222;Ja okay, aber&#8220; habe ich jetzt eine sehr wohltuende Infragestellung dieser ewigen Forderung nach Ver\u00e4nderung gelesen. Auf Seite 146 sinniert der Protagonist \u00fcber &#8222;das Blau des Morgens&#8220;:<\/p>\n<p style=\"text-align: justify;\" align=\"JUSTIFY\"><strong>&#8222;Ah, wie sch\u00f6n das Blau aussieht! K\u00f6nnte ruhig auch mal eine Zeitlang Blau bleiben! Ich muss sagen: Es k\u00f6nnte alles einmal eine Weile lang bleiben! Warum muss das Blau eigentlich immer Hellblau werden und aus Hellblau dann Wei\u00df? Warum muss es immer weitergehen?! Warum kann es eigentlich nicht auch mal so bleiben, wie es ist?! Nein, es muss sich ver\u00e4ndern. Alles muss sich immer ver\u00e4ndern. Warum eigentlich? Dieses tiefe Blau, das ist doch sch\u00f6n! An Sch\u00f6nheit eigentlich nicht zu \u00fcberbieten. Aber zack, schon \u00fcberlegt sich wer, dass irgendwas ANDERS werden muss. Irgendein Zustand muss in einen Wandel geraten. Und mit ihm all die Leute, die sich zuf\u00e4llig auch in diesem Zustand aufhalten. Also zum Beispiel ich. Niemand hat mich gefragt, aber ich muss.&#8220;<\/strong><\/p>\n","protected":false},"excerpt":{"rendered":"<p>Ein Zeichen unserer Zeit ist ja das gebetsm\u00fchlenartig wiederholte Credo vom &#8222;st\u00e4ndigen Wandel&#8220;, sind Klischees wie &#8222;Nur wer sich \u00e4ndert, bleibt sich treu&#8220; etc. In PeterLichts Roman &#8222;Ja okay, aber&#8220; habe ich jetzt eine sehr wohltuende Infragestellung dieser ewigen Forderung nach Ver\u00e4nderung gelesen. Auf Seite 146 sinniert der Protagonist \u00fcber &#8222;das Blau des Morgens&#8220;: &#8222;Ah, [&hellip;]<\/p>\n","protected":false},"author":1,"featured_media":0,"comment_status":"open","ping_status":"open","sticky":false,"template":"","format":"standard","meta":[],"categories":[1],"tags":[],"_links":{"self":[{"href":"http:\/\/blog.sanktneff.de\/index.php?rest_route=\/wp\/v2\/posts\/3470"}],"collection":[{"href":"http:\/\/blog.sanktneff.de\/index.php?rest_route=\/wp\/v2\/posts"}],"about":[{"href":"http:\/\/blog.sanktneff.de\/index.php?rest_route=\/wp\/v2\/types\/post"}],"author":[{"embeddable":true,"href":"http:\/\/blog.sanktneff.de\/index.php?rest_route=\/wp\/v2\/users\/1"}],"replies":[{"embeddable":true,"href":"http:\/\/blog.sanktneff.de\/index.php?rest_route=%2Fwp%2Fv2%2Fcomments&post=3470"}],"version-history":[{"count":4,"href":"http:\/\/blog.sanktneff.de\/index.php?rest_route=\/wp\/v2\/posts\/3470\/revisions"}],"predecessor-version":[{"id":3474,"href":"http:\/\/blog.sanktneff.de\/index.php?rest_route=\/wp\/v2\/posts\/3470\/revisions\/3474"}],"wp:attachment":[{"href":"http:\/\/blog.sanktneff.de\/index.php?rest_route=%2Fwp%2Fv2%2Fmedia&parent=3470"}],"wp:term":[{"taxonomy":"category","embeddable":true,"href":"http:\/\/blog.sanktneff.de\/index.php?rest_route=%2Fwp%2Fv2%2Fcategories&post=3470"},{"taxonomy":"post_tag","embeddable":true,"href":"http:\/\/blog.sanktneff.de\/index.php?rest_route=%2Fwp%2Fv2%2Ftags&post=3470"}],"curies":[{"name":"wp","href":"https:\/\/api.w.org\/{rel}","templated":true}]}}