{"id":436,"date":"2015-05-22T14:47:51","date_gmt":"2015-05-22T12:47:51","guid":{"rendered":"http:\/\/blog.sanktneff.de\/?p=436"},"modified":"2019-12-30T18:30:53","modified_gmt":"2019-12-30T16:30:53","slug":"nochmal-kaputt","status":"publish","type":"post","link":"http:\/\/blog.sanktneff.de\/?p=436","title":{"rendered":"Nochmal kaputt"},"content":{"rendered":"<p style=\"text-align: justify;\">Zwei schlaue Andreasse geben nicht nach und keine Ruhe und versuchen, mich mit Hilfe je eines\u00a0 Dokumentes endg\u00fcltig von meiner These abzubringen, da\u00df kaputte Dinge grunds\u00e4tzlich und immer\u00a0nur als &#8222;defekt&#8220; bezeichnet werden.<\/p>\n<p style=\"text-align: justify;\">Beim ersten Dokument handelt es sich um einen von Kinderhand an eine K\u00f6lner Privatklot\u00fcr angebrachten Hinweis:<\/p>\n<p><a href=\"http:\/\/blog.sanktneff.de\/wp-content\/uploads\/2015\/05\/kaputt-2-e1432297954863.jpg\"><img loading=\"lazy\" class=\"aligncenter size-medium wp-image-437\" src=\"http:\/\/blog.sanktneff.de\/wp-content\/uploads\/2015\/05\/kaputt-2-e1432297954863-251x300.jpg\" alt=\"kaputt 2\" width=\"251\" height=\"300\" srcset=\"http:\/\/blog.sanktneff.de\/wp-content\/uploads\/2015\/05\/kaputt-2-e1432297954863-251x300.jpg 251w, http:\/\/blog.sanktneff.de\/wp-content\/uploads\/2015\/05\/kaputt-2-e1432297954863-856x1024.jpg 856w, http:\/\/blog.sanktneff.de\/wp-content\/uploads\/2015\/05\/kaputt-2-e1432297954863.jpg 984w\" sizes=\"(max-width: 251px) 100vw, 251px\" \/><\/a><\/p>\n<p style=\"text-align: justify;\">Und dieser Hinweis hier fand sich an einer schon fast antik wirkenden Berliner Sp\u00fclmaschine:<\/p>\n<p><a href=\"http:\/\/blog.sanktneff.de\/wp-content\/uploads\/2015\/05\/kaputt-1-e1432298385924.jpg\"><img loading=\"lazy\" class=\"aligncenter size-medium wp-image-438\" src=\"http:\/\/blog.sanktneff.de\/wp-content\/uploads\/2015\/05\/kaputt-1-e1432298385924-262x300.jpg\" alt=\"kaputt 1\" width=\"262\" height=\"300\" srcset=\"http:\/\/blog.sanktneff.de\/wp-content\/uploads\/2015\/05\/kaputt-1-e1432298385924-262x300.jpg 262w, http:\/\/blog.sanktneff.de\/wp-content\/uploads\/2015\/05\/kaputt-1-e1432298385924-895x1024.jpg 895w, http:\/\/blog.sanktneff.de\/wp-content\/uploads\/2015\/05\/kaputt-1-e1432298385924.jpg 1530w\" sizes=\"(max-width: 262px) 100vw, 262px\" \/><\/a><\/p>\n<p style=\"text-align: justify;\">Beide Dokumente aber zeigen eigentlich nur, da\u00df es im privaten Umfeld offenbar m\u00f6glich ist, kaputte Dinge auch als &#8222;kaputt&#8220; zu deklarieren. Im \u00f6ffentlichen Raum aber (ICE, Kantine etc.) wird das\u00a0&#8222;kaputte&#8220; Ding dann doch wieder als &#8222;defekt&#8220; verbr\u00e4mt (siehe Beispiele weiter unten).<\/p>\n","protected":false},"excerpt":{"rendered":"<p>Zwei schlaue Andreasse geben nicht nach und keine Ruhe und versuchen, mich mit Hilfe je eines\u00a0 Dokumentes endg\u00fcltig von meiner These abzubringen, da\u00df kaputte Dinge grunds\u00e4tzlich und immer\u00a0nur als &#8222;defekt&#8220; bezeichnet werden. Beim ersten Dokument handelt es sich um einen von Kinderhand an eine K\u00f6lner Privatklot\u00fcr angebrachten Hinweis: Und dieser Hinweis hier fand sich an [&hellip;]<\/p>\n","protected":false},"author":1,"featured_media":0,"comment_status":"open","ping_status":"open","sticky":false,"template":"","format":"standard","meta":[],"categories":[1],"tags":[],"_links":{"self":[{"href":"http:\/\/blog.sanktneff.de\/index.php?rest_route=\/wp\/v2\/posts\/436"}],"collection":[{"href":"http:\/\/blog.sanktneff.de\/index.php?rest_route=\/wp\/v2\/posts"}],"about":[{"href":"http:\/\/blog.sanktneff.de\/index.php?rest_route=\/wp\/v2\/types\/post"}],"author":[{"embeddable":true,"href":"http:\/\/blog.sanktneff.de\/index.php?rest_route=\/wp\/v2\/users\/1"}],"replies":[{"embeddable":true,"href":"http:\/\/blog.sanktneff.de\/index.php?rest_route=%2Fwp%2Fv2%2Fcomments&post=436"}],"version-history":[{"count":2,"href":"http:\/\/blog.sanktneff.de\/index.php?rest_route=\/wp\/v2\/posts\/436\/revisions"}],"predecessor-version":[{"id":440,"href":"http:\/\/blog.sanktneff.de\/index.php?rest_route=\/wp\/v2\/posts\/436\/revisions\/440"}],"wp:attachment":[{"href":"http:\/\/blog.sanktneff.de\/index.php?rest_route=%2Fwp%2Fv2%2Fmedia&parent=436"}],"wp:term":[{"taxonomy":"category","embeddable":true,"href":"http:\/\/blog.sanktneff.de\/index.php?rest_route=%2Fwp%2Fv2%2Fcategories&post=436"},{"taxonomy":"post_tag","embeddable":true,"href":"http:\/\/blog.sanktneff.de\/index.php?rest_route=%2Fwp%2Fv2%2Ftags&post=436"}],"curies":[{"name":"wp","href":"https:\/\/api.w.org\/{rel}","templated":true}]}}