{"id":48,"date":"2014-08-20T21:14:16","date_gmt":"2014-08-20T19:14:16","guid":{"rendered":"http:\/\/blog.sanktneff.de\/?p=48"},"modified":"2022-07-04T16:34:53","modified_gmt":"2022-07-04T14:34:53","slug":"so-ein-feiner-mann","status":"publish","type":"post","link":"http:\/\/blog.sanktneff.de\/?p=48","title":{"rendered":"So ein feiner Mann"},"content":{"rendered":"<p style=\"text-align: justify;\">Thomas Kapielski hat im Alter von 63 Jahren seinen ersten Roman ver\u00f6ffentlicht. Er h\u00e4tte es auch fr\u00fcher schon gekonnt, wollte aber nicht.\u00a0 Der Roman hei\u00dft &#8222;Je dickens, destojewski!&#8220;<\/p>\n<p style=\"text-align: justify;\">Der Titel allein verdiente schon h\u00f6chste Auszeichnungen. Die Kapielski aber nat\u00fcrlich nicht bekommen wird. Weil ein so feiner Mann und extraordin\u00e4rer K\u00fcnstler auf spannenlangen &#8222;Longlists&#8220; f\u00fcr literaturbetriebsnudeldicke Buchpreise keinen Platz hat.<\/p>\n<p style=\"text-align: justify;\">Und wohl auch gar nicht haben will.<\/p>\n","protected":false},"excerpt":{"rendered":"<p>Thomas Kapielski hat im Alter von 63 Jahren seinen ersten Roman ver\u00f6ffentlicht. Er h\u00e4tte es auch fr\u00fcher schon gekonnt, wollte aber nicht.\u00a0 Der Roman hei\u00dft &#8222;Je dickens, destojewski!&#8220; Der Titel allein verdiente schon h\u00f6chste Auszeichnungen. Die Kapielski aber nat\u00fcrlich nicht bekommen wird. Weil ein so feiner Mann und extraordin\u00e4rer K\u00fcnstler auf spannenlangen &#8222;Longlists&#8220; f\u00fcr literaturbetriebsnudeldicke [&hellip;]<\/p>\n","protected":false},"author":1,"featured_media":0,"comment_status":"open","ping_status":"open","sticky":false,"template":"","format":"standard","meta":[],"categories":[1],"tags":[],"_links":{"self":[{"href":"http:\/\/blog.sanktneff.de\/index.php?rest_route=\/wp\/v2\/posts\/48"}],"collection":[{"href":"http:\/\/blog.sanktneff.de\/index.php?rest_route=\/wp\/v2\/posts"}],"about":[{"href":"http:\/\/blog.sanktneff.de\/index.php?rest_route=\/wp\/v2\/types\/post"}],"author":[{"embeddable":true,"href":"http:\/\/blog.sanktneff.de\/index.php?rest_route=\/wp\/v2\/users\/1"}],"replies":[{"embeddable":true,"href":"http:\/\/blog.sanktneff.de\/index.php?rest_route=%2Fwp%2Fv2%2Fcomments&post=48"}],"version-history":[{"count":7,"href":"http:\/\/blog.sanktneff.de\/index.php?rest_route=\/wp\/v2\/posts\/48\/revisions"}],"predecessor-version":[{"id":3645,"href":"http:\/\/blog.sanktneff.de\/index.php?rest_route=\/wp\/v2\/posts\/48\/revisions\/3645"}],"wp:attachment":[{"href":"http:\/\/blog.sanktneff.de\/index.php?rest_route=%2Fwp%2Fv2%2Fmedia&parent=48"}],"wp:term":[{"taxonomy":"category","embeddable":true,"href":"http:\/\/blog.sanktneff.de\/index.php?rest_route=%2Fwp%2Fv2%2Fcategories&post=48"},{"taxonomy":"post_tag","embeddable":true,"href":"http:\/\/blog.sanktneff.de\/index.php?rest_route=%2Fwp%2Fv2%2Ftags&post=48"}],"curies":[{"name":"wp","href":"https:\/\/api.w.org\/{rel}","templated":true}]}}