{"id":486,"date":"2015-07-07T16:13:19","date_gmt":"2015-07-07T14:13:19","guid":{"rendered":"http:\/\/blog.sanktneff.de\/?p=486"},"modified":"2015-12-08T18:44:58","modified_gmt":"2015-12-08T16:44:58","slug":"der-mensch-und-die-leute","status":"publish","type":"post","link":"http:\/\/blog.sanktneff.de\/?p=486","title":{"rendered":"Der Mensch und die Leute"},"content":{"rendered":"<p style=\"text-align: justify;\">Gestern in Walter Kempowskis Tagebuch &#8222;Alkor&#8220; (S. 496) einen menschenfreundlichen Vorschlag gelesen:<\/p>\n<p style=\"text-align: justify;\"><strong>&#8222;Wenn man gegen Menschen \u00b4was hat\u00b4, sich Kinderbilder von ihnen zeigen lassen<\/strong>.&#8220;<\/p>\n<p style=\"text-align: justify;\">K\u00f6nnte helfen: Der war vielleicht gar nicht immer so. M\u00f6glicherweise ist die fr\u00fcher mal ganz anders gewesen. Wenn du\u00a0 dir die M\u00fche machst, genau hinzuschaun, kannst du es noch sehen. &#8211; Oder so \u00e4hnlich.<\/p>\n<p style=\"text-align: justify;\">Der sehr einzelne Mensch ist bei genauer Betrachtung\u00a0 oft ein guter. Schwierig wirds, wenn er sich mit anderen zu Gruppen zusammenklumpt, zu Rollkoffer-Horden, die vor dir stehen am Fahrscheinautomaten, zur feierw\u00fctigen Fanmeilenmeute, die anderntags auch zum Lynchmob mutieren kann.<\/p>\n<p style=\"text-align: justify;\">Johann Nepomuk Nestroy hat es nat\u00fcrlich viel besser auf den Punkt gebracht:<\/p>\n<p style=\"text-align: justify;\"><strong>&#8222;Der Mensch an und f\u00fcr sich ist gut. Aber die\u00a0Leut\u00b4 sind ein Gesindel.&#8220; <\/strong><\/p>\n<p style=\"text-align: justify;\">150 Jahre sp\u00e4ter\u00a0dann PeterLicht:<\/p>\n<p style=\"text-align: justify;\"><strong>&#8222;Gesellschaft ist toll. Wenn nur all die Leute nicht w\u00e4rn.&#8220;<\/strong><\/p>\n<p style=\"text-align: justify;\">Und Nils Koppruch hat es wie immer am lakonischsten formuliert:<\/p>\n<p style=\"text-align: justify;\"><strong>&#8222;Es gibt ne Menge Leute.&#8220;<\/strong><\/p>\n<p style=\"text-align: justify;\">Ich darf mich anschlie\u00dfen und diesen Eintrag abschlie\u00dfen mit einem aus einer eher menschenfeindlichen Stimmung geborenen Textlein:<\/p>\n<p>&nbsp;<\/p>\n<p style=\"text-align: justify;\"><strong>Gro\u00dfstadtgedicht<\/strong><\/p>\n<p>&nbsp;<\/p>\n<p style=\"text-align: justify;\">Leute, Leute, Leute, Leute.<\/p>\n<p style=\"text-align: justify;\">\u00dcberall und immer Leute.<\/p>\n<p style=\"text-align: justify;\">Morgens, mittags, abends Leute.<\/p>\n<p>Gestern, heute, morgen Leute.<\/p>\n<p>Vor und hinter dir nur Leute.<\/p>\n<p>Haare, H\u00e4nde, Hintern, H\u00e4ute.<\/p>\n<p>Leute essen, Leute trinken.<\/p>\n<p>Leute schwitzen, Leute stinken.<\/p>\n<p>Leute hassen andre Leute.<\/p>\n<p>Heute Leute, morgen Meute.<\/p>\n<p>Leute wollen sich vermehren.<\/p>\n<p>Wollen sexuell verkehren.<\/p>\n<p>Machen immer neue Leute.<\/p>\n<p>Neue, neue, neue Leute.<\/p>\n<p>Haare, H\u00e4nde, Hintern, H\u00e4ute.<\/p>\n<p>Vor und hinter die nur Leute.<\/p>\n<p>Gestern, heute, morgen Leute.<\/p>\n<p>Morgens, mittags, abends Leute.<\/p>\n<p>\u00dcberall und immer Leute.<\/p>\n<p lang=\"de-DE\" style=\"line-height: 150%; margin-bottom: 0cm;\">Leute, Leute, Leute, Leute.<\/p>\n","protected":false},"excerpt":{"rendered":"<p>Gestern in Walter Kempowskis Tagebuch &#8222;Alkor&#8220; (S. 496) einen menschenfreundlichen Vorschlag gelesen: &#8222;Wenn man gegen Menschen \u00b4was hat\u00b4, sich Kinderbilder von ihnen zeigen lassen.&#8220; K\u00f6nnte helfen: Der war vielleicht gar nicht immer so. M\u00f6glicherweise ist die fr\u00fcher mal ganz anders gewesen. Wenn du\u00a0 dir die M\u00fche machst, genau hinzuschaun, kannst du es noch sehen. &#8211; [&hellip;]<\/p>\n","protected":false},"author":1,"featured_media":0,"comment_status":"open","ping_status":"open","sticky":false,"template":"","format":"standard","meta":[],"categories":[1],"tags":[],"_links":{"self":[{"href":"http:\/\/blog.sanktneff.de\/index.php?rest_route=\/wp\/v2\/posts\/486"}],"collection":[{"href":"http:\/\/blog.sanktneff.de\/index.php?rest_route=\/wp\/v2\/posts"}],"about":[{"href":"http:\/\/blog.sanktneff.de\/index.php?rest_route=\/wp\/v2\/types\/post"}],"author":[{"embeddable":true,"href":"http:\/\/blog.sanktneff.de\/index.php?rest_route=\/wp\/v2\/users\/1"}],"replies":[{"embeddable":true,"href":"http:\/\/blog.sanktneff.de\/index.php?rest_route=%2Fwp%2Fv2%2Fcomments&post=486"}],"version-history":[{"count":14,"href":"http:\/\/blog.sanktneff.de\/index.php?rest_route=\/wp\/v2\/posts\/486\/revisions"}],"predecessor-version":[{"id":629,"href":"http:\/\/blog.sanktneff.de\/index.php?rest_route=\/wp\/v2\/posts\/486\/revisions\/629"}],"wp:attachment":[{"href":"http:\/\/blog.sanktneff.de\/index.php?rest_route=%2Fwp%2Fv2%2Fmedia&parent=486"}],"wp:term":[{"taxonomy":"category","embeddable":true,"href":"http:\/\/blog.sanktneff.de\/index.php?rest_route=%2Fwp%2Fv2%2Fcategories&post=486"},{"taxonomy":"post_tag","embeddable":true,"href":"http:\/\/blog.sanktneff.de\/index.php?rest_route=%2Fwp%2Fv2%2Ftags&post=486"}],"curies":[{"name":"wp","href":"https:\/\/api.w.org\/{rel}","templated":true}]}}