{"id":4910,"date":"2025-02-09T17:34:20","date_gmt":"2025-02-09T15:34:20","guid":{"rendered":"http:\/\/blog.sanktneff.de\/?p=4910"},"modified":"2025-02-09T17:34:20","modified_gmt":"2025-02-09T15:34:20","slug":"rehe","status":"publish","type":"post","link":"http:\/\/blog.sanktneff.de\/?p=4910","title":{"rendered":"Rehe"},"content":{"rendered":"<p align=\"justify\">Im Winter kommen die fast bis ans Haus.<\/p>\n<p align=\"justify\">Sagte die Vorbesitzerin \u00fcber die Rehe.<\/p>\n<p>&nbsp;<\/p>\n<p align=\"justify\">So lange mu\u00dfte ich gar nicht warten.<\/p>\n<p align=\"justify\">Noch im Fr\u00fchjahr sah ich sie.<\/p>\n<p align=\"justify\">Morgens,<\/p>\n<p align=\"justify\">nach dem Aufstehn,<\/p>\n<p align=\"justify\">beim ersten Blick durch das Fenster des halben Hauses,<\/p>\n<p align=\"justify\">das jetzt uns geh\u00f6rt,<\/p>\n<p align=\"justify\">am Waldrand, leicht verschwommen, zwei Rehe.<\/p>\n<p>&nbsp;<\/p>\n<p align=\"justify\">Das n\u00e4chste Mal abends,<\/p>\n<p align=\"justify\">fast schon im Sommer,<\/p>\n<p align=\"justify\">wir kehrten zur\u00fcck vom Essen im St\u00e4dtchen,<\/p>\n<p align=\"justify\">noch n\u00e4her am Haus,<\/p>\n<p align=\"justify\">auf der Wiese zwei Rehe,<\/p>\n<p align=\"justify\">eins lag, eins stand,<\/p>\n<p align=\"justify\">stand da und schaute,<\/p>\n<p align=\"justify\">unbewegt, aber wachsam.<\/p>\n<p align=\"justify\">Immer auf dem Sprung.<\/p>\n<p>&nbsp;<\/p>\n<p align=\"justify\">Heute dann fuhr ich Rad,<\/p>\n<p align=\"justify\">rollte den Weg entlang<\/p>\n<p align=\"justify\">\u00fcber die Br\u00fccke,<\/p>\n<p align=\"justify\">\u00fcber den Bach,<\/p>\n<p align=\"justify\">und gleich dahinter,<\/p>\n<p align=\"justify\">keine zwei Meter entfernt,<\/p>\n<p align=\"justify\">rechts von mir,<\/p>\n<p align=\"justify\">diesmal allein,<\/p>\n<p align=\"justify\">ein Reh.<\/p>\n<p>&nbsp;<\/p>\n<p align=\"justify\">Kuckte mich an,<\/p>\n<p align=\"justify\">interessiert,<\/p>\n<p align=\"justify\">kuckte mir nach<\/p>\n<p align=\"justify\">und blieb stehn,<\/p>\n<p align=\"justify\">wie selbstverst\u00e4ndlich.<\/p>\n<p>&nbsp;<\/p>\n<p align=\"justify\">Ich rollte weiter.<\/p>\n<p align=\"justify\">Vorm n\u00e4chsten Haus lagen zwei Katzen<\/p>\n<p align=\"justify\">und standen zwei Menschen.<\/p>\n<p align=\"justify\">Sie sahen mein Staunen,<\/p>\n<p align=\"justify\">vielleicht auch Erschrecken<\/p>\n<p align=\"justify\">\u00fcber das Reh<\/p>\n<p align=\"justify\">so nah an mir dran.<\/p>\n<p align=\"justify\">Der eine Mensch sagte:<\/p>\n<p>&nbsp;<\/p>\n<p align=\"justify\">Das ist Natur.<\/p>\n<p align=\"justify\">Die Rehe gehen hier bis zum Netto.<\/p>\n","protected":false},"excerpt":{"rendered":"<p>Im Winter kommen die fast bis ans Haus. Sagte die Vorbesitzerin \u00fcber die Rehe. &nbsp; So lange mu\u00dfte ich gar nicht warten. Noch im Fr\u00fchjahr sah ich sie. Morgens, nach dem Aufstehn, beim ersten Blick durch das Fenster des halben Hauses, das jetzt uns geh\u00f6rt, am Waldrand, leicht verschwommen, zwei Rehe. &nbsp; Das n\u00e4chste Mal [&hellip;]<\/p>\n","protected":false},"author":1,"featured_media":0,"comment_status":"open","ping_status":"open","sticky":false,"template":"","format":"standard","meta":[],"categories":[1],"tags":[],"_links":{"self":[{"href":"http:\/\/blog.sanktneff.de\/index.php?rest_route=\/wp\/v2\/posts\/4910"}],"collection":[{"href":"http:\/\/blog.sanktneff.de\/index.php?rest_route=\/wp\/v2\/posts"}],"about":[{"href":"http:\/\/blog.sanktneff.de\/index.php?rest_route=\/wp\/v2\/types\/post"}],"author":[{"embeddable":true,"href":"http:\/\/blog.sanktneff.de\/index.php?rest_route=\/wp\/v2\/users\/1"}],"replies":[{"embeddable":true,"href":"http:\/\/blog.sanktneff.de\/index.php?rest_route=%2Fwp%2Fv2%2Fcomments&post=4910"}],"version-history":[{"count":1,"href":"http:\/\/blog.sanktneff.de\/index.php?rest_route=\/wp\/v2\/posts\/4910\/revisions"}],"predecessor-version":[{"id":4911,"href":"http:\/\/blog.sanktneff.de\/index.php?rest_route=\/wp\/v2\/posts\/4910\/revisions\/4911"}],"wp:attachment":[{"href":"http:\/\/blog.sanktneff.de\/index.php?rest_route=%2Fwp%2Fv2%2Fmedia&parent=4910"}],"wp:term":[{"taxonomy":"category","embeddable":true,"href":"http:\/\/blog.sanktneff.de\/index.php?rest_route=%2Fwp%2Fv2%2Fcategories&post=4910"},{"taxonomy":"post_tag","embeddable":true,"href":"http:\/\/blog.sanktneff.de\/index.php?rest_route=%2Fwp%2Fv2%2Ftags&post=4910"}],"curies":[{"name":"wp","href":"https:\/\/api.w.org\/{rel}","templated":true}]}}