{"id":5023,"date":"2025-08-03T10:41:33","date_gmt":"2025-08-03T08:41:33","guid":{"rendered":"http:\/\/blog.sanktneff.de\/?p=5023"},"modified":"2025-08-04T09:32:19","modified_gmt":"2025-08-04T07:32:19","slug":"so-tun-als-ob","status":"publish","type":"post","link":"http:\/\/blog.sanktneff.de\/?p=5023","title":{"rendered":"Als ob"},"content":{"rendered":"<p><a href=\"http:\/\/blog.sanktneff.de\/?attachment_id=5034\" rel=\"attachment wp-att-5034\"><img loading=\"lazy\" class=\"aligncenter size-full wp-image-5034\" src=\"http:\/\/blog.sanktneff.de\/wp-content\/uploads\/2025\/05\/Schlimmes-Schild-vor-Briccius-Kirche-scaled.jpeg\" alt=\"\" width=\"1920\" height=\"2560\" srcset=\"http:\/\/blog.sanktneff.de\/wp-content\/uploads\/2025\/05\/Schlimmes-Schild-vor-Briccius-Kirche-scaled.jpeg 1920w, http:\/\/blog.sanktneff.de\/wp-content\/uploads\/2025\/05\/Schlimmes-Schild-vor-Briccius-Kirche-225x300.jpeg 225w, http:\/\/blog.sanktneff.de\/wp-content\/uploads\/2025\/05\/Schlimmes-Schild-vor-Briccius-Kirche-768x1024.jpeg 768w, http:\/\/blog.sanktneff.de\/wp-content\/uploads\/2025\/05\/Schlimmes-Schild-vor-Briccius-Kirche-1152x1536.jpeg 1152w, http:\/\/blog.sanktneff.de\/wp-content\/uploads\/2025\/05\/Schlimmes-Schild-vor-Briccius-Kirche-1536x2048.jpeg 1536w\" sizes=\"(max-width: 1920px) 100vw, 1920px\" \/><\/a><\/p>\n<p>Oh weh!<\/p>\n<p style=\"text-align: justify;\">Wenn Kirche versucht, sich &#8222;zeitgem\u00e4\u00df&#8220; an die Gl\u00e4ubigen oder eben Ungl\u00e4ubigen zu wenden, dann wirds schnell peinvoll. Ich m\u00f6chte auch nicht www.gott.net in den Rechner eingeben. Lieber sto\u00dfseufze ich mit meinem Freund Andreas:<\/p>\n<p><strong>&#8222;Lieber Gott, mach, da\u00df es dich gibt!&#8220;<\/strong><\/p>\n<p style=\"text-align: justify;\">Die metaphysische Obdachlosigkeit des aufgekl\u00e4rten Menschen,\u00a0 seine Suche nach Sinn, Trost und Rat &#8211;\u00a0 sehr kunstvoll bringt sie\u00a0 auch Julian Barnes in einem Buch \u00fcber den Tod &#8211; &#8222;Nichts, was man f\u00fcrchten m\u00fcsste&#8220; &#8211; auf den Punkt:<\/p>\n<p><strong>&#8222;Ich glaube nicht an Gott, aber ich vermisse ihn.&#8220;<\/strong><\/p>\n<p>Und der mit 82 Jahren sicher schon ein wenig weise G\u00fcnter Wallraff hat das gleiche Paradoxon in einem Interview mit der \u00b4S\u00fcddeutschen Zeitung\u00b4 an diesem Wochenende witzig in Worte gefasst:<\/p>\n<p style=\"text-align: justify;\"><strong>&#8222;Ich muss aufpassen, dass ich als bekennender Agnostiker nicht am Ende noch zu einem gl\u00e4ubigen Menschen werde, aber davor bewahre mich Gott.&#8220;\u00a0<\/strong><\/p>\n<p style=\"text-align: justify;\">Treten wir also in diesem heiteren Sinne einen Schritt zur\u00fcck,\u00a0 verzeihen auch der Kirche kleinere Fehltritte und freuen uns des Anblicks dieses sch\u00f6nen und sch\u00f6n gelegenen Gotteshauses in Bad Belzig:<a href=\"http:\/\/blog.sanktneff.de\/?attachment_id=5035\" rel=\"attachment wp-att-5035\"><img loading=\"lazy\" class=\"aligncenter size-full wp-image-5035\" src=\"http:\/\/blog.sanktneff.de\/wp-content\/uploads\/2025\/05\/Briccius-Kirche-scaled.jpeg\" alt=\"\" width=\"1920\" height=\"2560\" srcset=\"http:\/\/blog.sanktneff.de\/wp-content\/uploads\/2025\/05\/Briccius-Kirche-scaled.jpeg 1920w, http:\/\/blog.sanktneff.de\/wp-content\/uploads\/2025\/05\/Briccius-Kirche-225x300.jpeg 225w, http:\/\/blog.sanktneff.de\/wp-content\/uploads\/2025\/05\/Briccius-Kirche-768x1024.jpeg 768w, http:\/\/blog.sanktneff.de\/wp-content\/uploads\/2025\/05\/Briccius-Kirche-1152x1536.jpeg 1152w, http:\/\/blog.sanktneff.de\/wp-content\/uploads\/2025\/05\/Briccius-Kirche-1536x2048.jpeg 1536w\" sizes=\"(max-width: 1920px) 100vw, 1920px\" \/><\/a><\/p>\n","protected":false},"excerpt":{"rendered":"<p>Oh weh! Wenn Kirche versucht, sich &#8222;zeitgem\u00e4\u00df&#8220; an die Gl\u00e4ubigen oder eben Ungl\u00e4ubigen zu wenden, dann wirds schnell peinvoll. Ich m\u00f6chte auch nicht www.gott.net in den Rechner eingeben. Lieber sto\u00dfseufze ich mit meinem Freund Andreas: &#8222;Lieber Gott, mach, da\u00df es dich gibt!&#8220; Die metaphysische Obdachlosigkeit des aufgekl\u00e4rten Menschen,\u00a0 seine Suche nach Sinn, Trost und Rat [&hellip;]<\/p>\n","protected":false},"author":1,"featured_media":0,"comment_status":"open","ping_status":"open","sticky":false,"template":"","format":"standard","meta":[],"categories":[1],"tags":[],"_links":{"self":[{"href":"http:\/\/blog.sanktneff.de\/index.php?rest_route=\/wp\/v2\/posts\/5023"}],"collection":[{"href":"http:\/\/blog.sanktneff.de\/index.php?rest_route=\/wp\/v2\/posts"}],"about":[{"href":"http:\/\/blog.sanktneff.de\/index.php?rest_route=\/wp\/v2\/types\/post"}],"author":[{"embeddable":true,"href":"http:\/\/blog.sanktneff.de\/index.php?rest_route=\/wp\/v2\/users\/1"}],"replies":[{"embeddable":true,"href":"http:\/\/blog.sanktneff.de\/index.php?rest_route=%2Fwp%2Fv2%2Fcomments&post=5023"}],"version-history":[{"count":11,"href":"http:\/\/blog.sanktneff.de\/index.php?rest_route=\/wp\/v2\/posts\/5023\/revisions"}],"predecessor-version":[{"id":5148,"href":"http:\/\/blog.sanktneff.de\/index.php?rest_route=\/wp\/v2\/posts\/5023\/revisions\/5148"}],"wp:attachment":[{"href":"http:\/\/blog.sanktneff.de\/index.php?rest_route=%2Fwp%2Fv2%2Fmedia&parent=5023"}],"wp:term":[{"taxonomy":"category","embeddable":true,"href":"http:\/\/blog.sanktneff.de\/index.php?rest_route=%2Fwp%2Fv2%2Fcategories&post=5023"},{"taxonomy":"post_tag","embeddable":true,"href":"http:\/\/blog.sanktneff.de\/index.php?rest_route=%2Fwp%2Fv2%2Ftags&post=5023"}],"curies":[{"name":"wp","href":"https:\/\/api.w.org\/{rel}","templated":true}]}}