{"id":5108,"date":"2025-06-29T11:02:57","date_gmt":"2025-06-29T09:02:57","guid":{"rendered":"http:\/\/blog.sanktneff.de\/?p=5108"},"modified":"2025-06-29T11:02:57","modified_gmt":"2025-06-29T09:02:57","slug":"sonntags-im-kalender","status":"publish","type":"post","link":"http:\/\/blog.sanktneff.de\/?p=5108","title":{"rendered":"Sonntags im Kalender"},"content":{"rendered":"<p style=\"text-align: justify;\">Heute ist Sonntag. Und ich bin im Kalender.\u00a0 Also nicht ich, sondern eines meiner Gedichte.\u00a0Und nicht in irgendeinem Kalender, sondern im<a href=\"http:\/\/blog.sanktneff.de\/?attachment_id=5110\" rel=\"attachment wp-att-5110\"><img loading=\"lazy\" class=\"aligncenter size-full wp-image-5110\" src=\"http:\/\/blog.sanktneff.de\/wp-content\/uploads\/2025\/06\/Raben-Kalender-scaled.jpeg\" alt=\"\" width=\"1920\" height=\"2560\" srcset=\"http:\/\/blog.sanktneff.de\/wp-content\/uploads\/2025\/06\/Raben-Kalender-scaled.jpeg 1920w, http:\/\/blog.sanktneff.de\/wp-content\/uploads\/2025\/06\/Raben-Kalender-225x300.jpeg 225w, http:\/\/blog.sanktneff.de\/wp-content\/uploads\/2025\/06\/Raben-Kalender-768x1024.jpeg 768w, http:\/\/blog.sanktneff.de\/wp-content\/uploads\/2025\/06\/Raben-Kalender-1152x1536.jpeg 1152w, http:\/\/blog.sanktneff.de\/wp-content\/uploads\/2025\/06\/Raben-Kalender-1536x2048.jpeg 1536w\" sizes=\"(max-width: 1920px) 100vw, 1920px\" \/><\/a><\/p>\n<p style=\"text-align: justify;\">Der Raben-Kalender kam urspr\u00fcnglich aus dem f\u00fcr meine literarische Sozialisation entscheidenden Haffmans-Verlag. Jahr f\u00fcr Jahr hing er bei mir an der Wand und Tag f\u00fcr Tag schaute ich auf Zitate verehrter Autorinnen und Cartoons bewunderter Zeichner. Sp\u00e4ter verlor ich ihn ein wenig aus den Augen. Bis mich im vergangenen Jahr Tini Haffmans anschrieb. Sie hatte mein Gedicht &#8222;Seufzer des Weniggereisten&#8220; in der \u00b4taz\u00b4 gelesen und fragte, ob sie es f\u00fcr den n\u00e4chsten Raben-Kalender verwenden d\u00fcrfe.<\/p>\n<p style=\"text-align: justify;\">Dann kamen die Belegexemplare. Seit dem 1. Januar riss ich wieder Tag f\u00fcr Tag ein Blatt ab, um dort heute &#8211; ich erschrak mich fast ein bi\u00dfchen &#8211; mein eigenes Gedicht zu entdecken:<a href=\"http:\/\/blog.sanktneff.de\/?attachment_id=5111\" rel=\"attachment wp-att-5111\"><img loading=\"lazy\" class=\"aligncenter size-full wp-image-5111\" src=\"http:\/\/blog.sanktneff.de\/wp-content\/uploads\/2025\/06\/Raben-Kalender-3-scaled.jpeg\" alt=\"\" width=\"1920\" height=\"2560\" srcset=\"http:\/\/blog.sanktneff.de\/wp-content\/uploads\/2025\/06\/Raben-Kalender-3-scaled.jpeg 1920w, http:\/\/blog.sanktneff.de\/wp-content\/uploads\/2025\/06\/Raben-Kalender-3-225x300.jpeg 225w, http:\/\/blog.sanktneff.de\/wp-content\/uploads\/2025\/06\/Raben-Kalender-3-768x1024.jpeg 768w, http:\/\/blog.sanktneff.de\/wp-content\/uploads\/2025\/06\/Raben-Kalender-3-1152x1536.jpeg 1152w, http:\/\/blog.sanktneff.de\/wp-content\/uploads\/2025\/06\/Raben-Kalender-3-1536x2048.jpeg 1536w\" sizes=\"(max-width: 1920px) 100vw, 1920px\" \/><\/a><\/p>\n<p style=\"text-align: justify;\">Am Geburtstag des famosen Ror Wolf steht ein Gedicht von mir im Raben-Kalender.\u00a0 So sollen Sonntage sein.<\/p>\n","protected":false},"excerpt":{"rendered":"<p>Heute ist Sonntag. Und ich bin im Kalender.\u00a0 Also nicht ich, sondern eines meiner Gedichte.\u00a0Und nicht in irgendeinem Kalender, sondern im Der Raben-Kalender kam urspr\u00fcnglich aus dem f\u00fcr meine literarische Sozialisation entscheidenden Haffmans-Verlag. Jahr f\u00fcr Jahr hing er bei mir an der Wand und Tag f\u00fcr Tag schaute ich auf Zitate verehrter Autorinnen und Cartoons [&hellip;]<\/p>\n","protected":false},"author":1,"featured_media":0,"comment_status":"open","ping_status":"open","sticky":false,"template":"","format":"standard","meta":[],"categories":[1],"tags":[],"_links":{"self":[{"href":"http:\/\/blog.sanktneff.de\/index.php?rest_route=\/wp\/v2\/posts\/5108"}],"collection":[{"href":"http:\/\/blog.sanktneff.de\/index.php?rest_route=\/wp\/v2\/posts"}],"about":[{"href":"http:\/\/blog.sanktneff.de\/index.php?rest_route=\/wp\/v2\/types\/post"}],"author":[{"embeddable":true,"href":"http:\/\/blog.sanktneff.de\/index.php?rest_route=\/wp\/v2\/users\/1"}],"replies":[{"embeddable":true,"href":"http:\/\/blog.sanktneff.de\/index.php?rest_route=%2Fwp%2Fv2%2Fcomments&post=5108"}],"version-history":[{"count":3,"href":"http:\/\/blog.sanktneff.de\/index.php?rest_route=\/wp\/v2\/posts\/5108\/revisions"}],"predecessor-version":[{"id":5114,"href":"http:\/\/blog.sanktneff.de\/index.php?rest_route=\/wp\/v2\/posts\/5108\/revisions\/5114"}],"wp:attachment":[{"href":"http:\/\/blog.sanktneff.de\/index.php?rest_route=%2Fwp%2Fv2%2Fmedia&parent=5108"}],"wp:term":[{"taxonomy":"category","embeddable":true,"href":"http:\/\/blog.sanktneff.de\/index.php?rest_route=%2Fwp%2Fv2%2Fcategories&post=5108"},{"taxonomy":"post_tag","embeddable":true,"href":"http:\/\/blog.sanktneff.de\/index.php?rest_route=%2Fwp%2Fv2%2Ftags&post=5108"}],"curies":[{"name":"wp","href":"https:\/\/api.w.org\/{rel}","templated":true}]}}