{"id":5194,"date":"2025-09-03T16:02:38","date_gmt":"2025-09-03T14:02:38","guid":{"rendered":"http:\/\/blog.sanktneff.de\/?p=5194"},"modified":"2025-09-05T09:57:42","modified_gmt":"2025-09-05T07:57:42","slug":"zwei-wiedehopfe","status":"publish","type":"post","link":"http:\/\/blog.sanktneff.de\/?p=5194","title":{"rendered":"Zwei Wiedehopfe"},"content":{"rendered":"<p align=\"justify\">Ihr Lieblingsplatz war die Wiese<\/p>\n<p align=\"justify\">unter der Feige am Haus meiner Schwester.<\/p>\n<p align=\"justify\">Dort sa\u00dfen sie und pickten,<\/p>\n<p align=\"justify\">immer zu zweit,<\/p>\n<p align=\"justify\">immer neben einander,<\/p>\n<p align=\"justify\">der linke und der rechte Wiedehopf.<\/p>\n<p align=\"justify\">Wenn sie sich erschraken<\/p>\n<p align=\"justify\">\u00fcber Menschen, \u00fcber Autos,<\/p>\n<p align=\"justify\">propellerten sie schnell in die H\u00f6he,<\/p>\n<p align=\"justify\">fast gleichzeitig,<\/p>\n<p align=\"justify\">der rechte und der linke Wiedehopf.<\/p>\n<p>&nbsp;<\/p>\n<p align=\"justify\">Eines sch\u00f6nen Morgens<\/p>\n<p align=\"justify\">sahen wir einen der beiden<\/p>\n<p align=\"justify\">auf der Stromleitung sitzen,<\/p>\n<p align=\"justify\">im Gegenlicht, sehr pittoresk im Profil.<\/p>\n<p align=\"justify\">Wir fragten uns,<\/p>\n<p align=\"justify\">noch scherzhaft,<\/p>\n<p align=\"justify\">ist es der linke oder der rechte\u00a0der beiden Wiedehopfe?<\/p>\n<p>&nbsp;<\/p>\n<p align=\"justify\">Nachmittags dann schon wieder:<\/p>\n<p align=\"justify\">nur einer der beiden<\/p>\n<p align=\"justify\">schaute uns beim Baden zu.<\/p>\n<p>&nbsp;<\/p>\n<p align=\"justify\">Abends schlie\u00dflich,<\/p>\n<p align=\"justify\">als wir a\u00dfen<\/p>\n<p align=\"justify\">und er abermals<\/p>\n<p align=\"justify\">ganz in unserer N\u00e4he sa\u00df,<\/p>\n<p align=\"justify\">der rechte oder der linke Wiedehopf,<\/p>\n<p align=\"justify\">ging uns auf:<\/p>\n<p align=\"justify\">Er ist allein.<\/p>\n<p align=\"justify\">Einer von beiden fehlt,<\/p>\n<p align=\"justify\">entweder der linke oder der rechte,<\/p>\n<p align=\"justify\">warum auch immer.<\/p>\n<p>&nbsp;<\/p>\n<p align=\"justify\">Der \u00fcbrig war,<\/p>\n<p align=\"justify\">dauerte uns.<\/p>\n<p align=\"justify\">Meine Schwester fragte den Wiedehopf:<\/p>\n<p align=\"justify\">Bist du einsam?<a href=\"http:\/\/blog.sanktneff.de\/?attachment_id=5198\" rel=\"attachment wp-att-5198\"><img loading=\"lazy\" class=\"aligncenter size-full wp-image-5198\" src=\"http:\/\/blog.sanktneff.de\/wp-content\/uploads\/2025\/09\/0faca8a9-bd5d-494c-8312-9fdaa2422049-scaled.jpeg\" alt=\"\" width=\"2560\" height=\"1440\" srcset=\"http:\/\/blog.sanktneff.de\/wp-content\/uploads\/2025\/09\/0faca8a9-bd5d-494c-8312-9fdaa2422049-scaled.jpeg 2560w, http:\/\/blog.sanktneff.de\/wp-content\/uploads\/2025\/09\/0faca8a9-bd5d-494c-8312-9fdaa2422049-300x169.jpeg 300w, http:\/\/blog.sanktneff.de\/wp-content\/uploads\/2025\/09\/0faca8a9-bd5d-494c-8312-9fdaa2422049-1024x576.jpeg 1024w, http:\/\/blog.sanktneff.de\/wp-content\/uploads\/2025\/09\/0faca8a9-bd5d-494c-8312-9fdaa2422049-768x432.jpeg 768w, http:\/\/blog.sanktneff.de\/wp-content\/uploads\/2025\/09\/0faca8a9-bd5d-494c-8312-9fdaa2422049-1536x864.jpeg 1536w, http:\/\/blog.sanktneff.de\/wp-content\/uploads\/2025\/09\/0faca8a9-bd5d-494c-8312-9fdaa2422049-2048x1152.jpeg 2048w\" sizes=\"(max-width: 2560px) 100vw, 2560px\" \/><\/a><\/p>\n<p align=\"justify\">(Foto: Andreas G\u00fcnther)<\/p>\n","protected":false},"excerpt":{"rendered":"<p>Ihr Lieblingsplatz war die Wiese unter der Feige am Haus meiner Schwester. Dort sa\u00dfen sie und pickten, immer zu zweit, immer neben einander, der linke und der rechte Wiedehopf. Wenn sie sich erschraken \u00fcber Menschen, \u00fcber Autos, propellerten sie schnell in die H\u00f6he, fast gleichzeitig, der rechte und der linke Wiedehopf. &nbsp; Eines sch\u00f6nen Morgens [&hellip;]<\/p>\n","protected":false},"author":1,"featured_media":0,"comment_status":"open","ping_status":"open","sticky":false,"template":"","format":"standard","meta":[],"categories":[1],"tags":[],"_links":{"self":[{"href":"http:\/\/blog.sanktneff.de\/index.php?rest_route=\/wp\/v2\/posts\/5194"}],"collection":[{"href":"http:\/\/blog.sanktneff.de\/index.php?rest_route=\/wp\/v2\/posts"}],"about":[{"href":"http:\/\/blog.sanktneff.de\/index.php?rest_route=\/wp\/v2\/types\/post"}],"author":[{"embeddable":true,"href":"http:\/\/blog.sanktneff.de\/index.php?rest_route=\/wp\/v2\/users\/1"}],"replies":[{"embeddable":true,"href":"http:\/\/blog.sanktneff.de\/index.php?rest_route=%2Fwp%2Fv2%2Fcomments&post=5194"}],"version-history":[{"count":4,"href":"http:\/\/blog.sanktneff.de\/index.php?rest_route=\/wp\/v2\/posts\/5194\/revisions"}],"predecessor-version":[{"id":5201,"href":"http:\/\/blog.sanktneff.de\/index.php?rest_route=\/wp\/v2\/posts\/5194\/revisions\/5201"}],"wp:attachment":[{"href":"http:\/\/blog.sanktneff.de\/index.php?rest_route=%2Fwp%2Fv2%2Fmedia&parent=5194"}],"wp:term":[{"taxonomy":"category","embeddable":true,"href":"http:\/\/blog.sanktneff.de\/index.php?rest_route=%2Fwp%2Fv2%2Fcategories&post=5194"},{"taxonomy":"post_tag","embeddable":true,"href":"http:\/\/blog.sanktneff.de\/index.php?rest_route=%2Fwp%2Fv2%2Ftags&post=5194"}],"curies":[{"name":"wp","href":"https:\/\/api.w.org\/{rel}","templated":true}]}}