{"id":5225,"date":"2025-09-27T16:58:43","date_gmt":"2025-09-27T14:58:43","guid":{"rendered":"http:\/\/blog.sanktneff.de\/?p=5225"},"modified":"2025-10-06T15:55:17","modified_gmt":"2025-10-06T13:55:17","slug":"lieblings-buchhandlung","status":"publish","type":"post","link":"http:\/\/blog.sanktneff.de\/?p=5225","title":{"rendered":"Lieblings-Buchhandlung"},"content":{"rendered":"<p style=\"text-align: justify;\">Wenn ich an St\u00e4dte denke, denke ich an Buchhandlungen: in Wien an die Buchhandlung &#8222;phil&#8220;, in K\u00f6ln an die Buchhandlung Klaus Bittner und in Bonn an den &#8222;buchLaden 46&#8220;.<a href=\"http:\/\/blog.sanktneff.de\/?attachment_id=5235\" rel=\"attachment wp-att-5235\"><img loading=\"lazy\" class=\"aligncenter size-large wp-image-5235\" src=\"http:\/\/blog.sanktneff.de\/wp-content\/uploads\/2025\/09\/buchLaden-46-1024x452.jpg\" alt=\"\" width=\"474\" height=\"209\" srcset=\"http:\/\/blog.sanktneff.de\/wp-content\/uploads\/2025\/09\/buchLaden-46-1024x452.jpg 1024w, http:\/\/blog.sanktneff.de\/wp-content\/uploads\/2025\/09\/buchLaden-46-300x133.jpg 300w, http:\/\/blog.sanktneff.de\/wp-content\/uploads\/2025\/09\/buchLaden-46-768x339.jpg 768w, http:\/\/blog.sanktneff.de\/wp-content\/uploads\/2025\/09\/buchLaden-46.jpg 1132w\" sizes=\"(max-width: 474px) 100vw, 474px\" \/><\/a><\/p>\n<p style=\"text-align: justify;\">Hier kaufte ich mein erstes Geschenk f\u00fcr Frau A.:<a href=\"http:\/\/blog.sanktneff.de\/?attachment_id=5227\" rel=\"attachment wp-att-5227\"><img loading=\"lazy\" class=\"aligncenter size-full wp-image-5227\" src=\"http:\/\/blog.sanktneff.de\/wp-content\/uploads\/2025\/09\/IMG_6384-scaled.jpeg\" alt=\"\" width=\"1920\" height=\"2560\" srcset=\"http:\/\/blog.sanktneff.de\/wp-content\/uploads\/2025\/09\/IMG_6384-scaled.jpeg 1920w, http:\/\/blog.sanktneff.de\/wp-content\/uploads\/2025\/09\/IMG_6384-225x300.jpeg 225w, http:\/\/blog.sanktneff.de\/wp-content\/uploads\/2025\/09\/IMG_6384-768x1024.jpeg 768w, http:\/\/blog.sanktneff.de\/wp-content\/uploads\/2025\/09\/IMG_6384-1152x1536.jpeg 1152w, http:\/\/blog.sanktneff.de\/wp-content\/uploads\/2025\/09\/IMG_6384-1536x2048.jpeg 1536w\" sizes=\"(max-width: 1920px) 100vw, 1920px\" \/><\/a><\/p>\n<p style=\"text-align: justify;\">In Max Goldts Buch gibt es einen Witz, der mit den W\u00f6rtern &#8222;Quitten&#8220; und &#8222;Quittung&#8220; spielt. Deshalb freute ich mich damals, am 5. Mai 1993, besonders, da\u00df mir einer der beiden Buchh\u00e4ndler, Klaus oder Holger, eine Quittung ausstellte, auf der &#8222;Quitten&#8220; stand.<\/p>\n<p style=\"text-align: justify;\">Der &#8222;buchLaden 46&#8220; ist eine Buchhandlung mit besonders sch\u00f6nen R\u00e4umen, besonders guter Auswahl und besonders netten Verk\u00e4ufern, die dir, wenn du Gl\u00fcck hast und lieb bist, besonders geschmackvolle Beutel schenken. Diesen hier<a href=\"http:\/\/blog.sanktneff.de\/?attachment_id=5226\" rel=\"attachment wp-att-5226\"><img loading=\"lazy\" class=\"aligncenter size-full wp-image-5226\" src=\"http:\/\/blog.sanktneff.de\/wp-content\/uploads\/2025\/09\/IMG_6413-scaled.jpeg\" alt=\"\" width=\"1920\" height=\"2560\" srcset=\"http:\/\/blog.sanktneff.de\/wp-content\/uploads\/2025\/09\/IMG_6413-scaled.jpeg 1920w, http:\/\/blog.sanktneff.de\/wp-content\/uploads\/2025\/09\/IMG_6413-225x300.jpeg 225w, http:\/\/blog.sanktneff.de\/wp-content\/uploads\/2025\/09\/IMG_6413-768x1024.jpeg 768w, http:\/\/blog.sanktneff.de\/wp-content\/uploads\/2025\/09\/IMG_6413-1152x1536.jpeg 1152w, http:\/\/blog.sanktneff.de\/wp-content\/uploads\/2025\/09\/IMG_6413-1536x2048.jpeg 1536w\" sizes=\"(max-width: 1920px) 100vw, 1920px\" \/><\/a><\/p>\n<p style=\"text-align: justify;\">bekam ich vor einzwei Jahren bei einem Besuch in Bonn von Inhaber Holger\u00a0 geschenkt und halte ihn seither in Ehren.<\/p>\n<p style=\"text-align: justify;\">Diesen hier<a href=\"http:\/\/blog.sanktneff.de\/?attachment_id=5228\" rel=\"attachment wp-att-5228\"><img loading=\"lazy\" class=\"aligncenter size-full wp-image-5228\" src=\"http:\/\/blog.sanktneff.de\/wp-content\/uploads\/2025\/09\/498b4e00-0fb8-4fe3-854d-2ba613a452a6.jpeg\" alt=\"\" width=\"1152\" height=\"2048\" srcset=\"http:\/\/blog.sanktneff.de\/wp-content\/uploads\/2025\/09\/498b4e00-0fb8-4fe3-854d-2ba613a452a6.jpeg 1152w, http:\/\/blog.sanktneff.de\/wp-content\/uploads\/2025\/09\/498b4e00-0fb8-4fe3-854d-2ba613a452a6-169x300.jpeg 169w, http:\/\/blog.sanktneff.de\/wp-content\/uploads\/2025\/09\/498b4e00-0fb8-4fe3-854d-2ba613a452a6-576x1024.jpeg 576w, http:\/\/blog.sanktneff.de\/wp-content\/uploads\/2025\/09\/498b4e00-0fb8-4fe3-854d-2ba613a452a6-768x1365.jpeg 768w, http:\/\/blog.sanktneff.de\/wp-content\/uploads\/2025\/09\/498b4e00-0fb8-4fe3-854d-2ba613a452a6-864x1536.jpeg 864w\" sizes=\"(max-width: 1152px) 100vw, 1152px\" \/><\/a><\/p>\n<p style=\"text-align: justify;\">bekam gerade Freund Andreas feierlich \u00fcberreicht, auch deshalb, weil er vor einer Woche zum 50j\u00e4hrigen Bestehen der Buchhandlung ebenda musizierte.<\/p>\n<p style=\"text-align: justify;\">Wie wunderbar, da\u00df es so gute und geistvolle Orte noch gibt. Lange und hoch sollen sie leben!<\/p>\n","protected":false},"excerpt":{"rendered":"<p>Wenn ich an St\u00e4dte denke, denke ich an Buchhandlungen: in Wien an die Buchhandlung &#8222;phil&#8220;, in K\u00f6ln an die Buchhandlung Klaus Bittner und in Bonn an den &#8222;buchLaden 46&#8220;. Hier kaufte ich mein erstes Geschenk f\u00fcr Frau A.: In Max Goldts Buch gibt es einen Witz, der mit den W\u00f6rtern &#8222;Quitten&#8220; und &#8222;Quittung&#8220; spielt. Deshalb [&hellip;]<\/p>\n","protected":false},"author":1,"featured_media":0,"comment_status":"open","ping_status":"open","sticky":false,"template":"","format":"standard","meta":[],"categories":[1],"tags":[],"_links":{"self":[{"href":"http:\/\/blog.sanktneff.de\/index.php?rest_route=\/wp\/v2\/posts\/5225"}],"collection":[{"href":"http:\/\/blog.sanktneff.de\/index.php?rest_route=\/wp\/v2\/posts"}],"about":[{"href":"http:\/\/blog.sanktneff.de\/index.php?rest_route=\/wp\/v2\/types\/post"}],"author":[{"embeddable":true,"href":"http:\/\/blog.sanktneff.de\/index.php?rest_route=\/wp\/v2\/users\/1"}],"replies":[{"embeddable":true,"href":"http:\/\/blog.sanktneff.de\/index.php?rest_route=%2Fwp%2Fv2%2Fcomments&post=5225"}],"version-history":[{"count":7,"href":"http:\/\/blog.sanktneff.de\/index.php?rest_route=\/wp\/v2\/posts\/5225\/revisions"}],"predecessor-version":[{"id":5248,"href":"http:\/\/blog.sanktneff.de\/index.php?rest_route=\/wp\/v2\/posts\/5225\/revisions\/5248"}],"wp:attachment":[{"href":"http:\/\/blog.sanktneff.de\/index.php?rest_route=%2Fwp%2Fv2%2Fmedia&parent=5225"}],"wp:term":[{"taxonomy":"category","embeddable":true,"href":"http:\/\/blog.sanktneff.de\/index.php?rest_route=%2Fwp%2Fv2%2Fcategories&post=5225"},{"taxonomy":"post_tag","embeddable":true,"href":"http:\/\/blog.sanktneff.de\/index.php?rest_route=%2Fwp%2Fv2%2Ftags&post=5225"}],"curies":[{"name":"wp","href":"https:\/\/api.w.org\/{rel}","templated":true}]}}