{"id":5265,"date":"2025-10-17T14:54:45","date_gmt":"2025-10-17T12:54:45","guid":{"rendered":"http:\/\/blog.sanktneff.de\/?p=5265"},"modified":"2025-10-17T14:54:45","modified_gmt":"2025-10-17T12:54:45","slug":"kein-druck-mehr","status":"publish","type":"post","link":"http:\/\/blog.sanktneff.de\/?p=5265","title":{"rendered":"Kein Druck mehr"},"content":{"rendered":"<p style=\"text-align: justify;\">Heute letztmals Druck. Zuk\u00fcnftig nur noch am Wochenende.<\/p>\n<p style=\"text-align: justify;\">Jetzt in verst\u00e4ndlich: Heute ist die letzte Ausgabe der \u00b4tageszeitung\u00b4 als Tageszeitung in gedruckter Form erschienen. Ab morgen gibt es nur die Wochenendausgabe noch am Kiosk, von Montag bis Freitag m\u00fcssen wir mit dem E-Paper oder dem Online-Auftritt vorlieb nehmen.<\/p>\n<p style=\"text-align: justify;\">Das geschieht nicht aus Not, sondern lange geplant. Die \u00b4taz\u00b4 wei\u00df, was sie tut, und sie tut es mit Drive. Das ist beruhigend &#8211; und f\u00fcr Menschen wie mich trotzdem ein wenig traurig.<\/p>\n<p style=\"text-align: justify;\">Froh bin ich, da\u00df noch vor wenigen Tagen eines meiner Gedichte auf der gedruckten Wahrheitsseite erschienen ist. Denn E-Paper und Online-Auftritt sch\u00f6n und gut &#8211; es geht aber doch wenig \u00fcber ein Foto, eine Schlagzeile oder eben ein Gedicht, das du ausschneiden und an den K\u00fchlschrank pinnen kannst:<\/p>\n<p><a href=\"http:\/\/blog.sanktneff.de\/?attachment_id=5273\" rel=\"attachment wp-att-5273\"><img loading=\"lazy\" class=\"aligncenter size-large wp-image-5273\" src=\"http:\/\/blog.sanktneff.de\/wp-content\/uploads\/2025\/10\/IMG_6428-scaled-e1760705300224-1024x882.jpeg\" alt=\"\" width=\"474\" height=\"408\" srcset=\"http:\/\/blog.sanktneff.de\/wp-content\/uploads\/2025\/10\/IMG_6428-scaled-e1760705300224-1024x882.jpeg 1024w, http:\/\/blog.sanktneff.de\/wp-content\/uploads\/2025\/10\/IMG_6428-scaled-e1760705300224-300x258.jpeg 300w, http:\/\/blog.sanktneff.de\/wp-content\/uploads\/2025\/10\/IMG_6428-scaled-e1760705300224-768x661.jpeg 768w, http:\/\/blog.sanktneff.de\/wp-content\/uploads\/2025\/10\/IMG_6428-scaled-e1760705300224-1536x1322.jpeg 1536w, http:\/\/blog.sanktneff.de\/wp-content\/uploads\/2025\/10\/IMG_6428-scaled-e1760705300224.jpeg 1977w\" sizes=\"(max-width: 474px) 100vw, 474px\" \/><\/a><\/p>\n<p>Die Zukunft ist ein Link:<\/p>\n<p><a href=\"https:\/\/taz.de\/Die-Wahrheit\/!6115444\/\">https:\/\/taz.de\/Die-Wahrheit\/!6115444\/<\/a><\/p>\n","protected":false},"excerpt":{"rendered":"<p>Heute letztmals Druck. Zuk\u00fcnftig nur noch am Wochenende. Jetzt in verst\u00e4ndlich: Heute ist die letzte Ausgabe der \u00b4tageszeitung\u00b4 als Tageszeitung in gedruckter Form erschienen. Ab morgen gibt es nur die Wochenendausgabe noch am Kiosk, von Montag bis Freitag m\u00fcssen wir mit dem E-Paper oder dem Online-Auftritt vorlieb nehmen. Das geschieht nicht aus Not, sondern lange [&hellip;]<\/p>\n","protected":false},"author":1,"featured_media":0,"comment_status":"open","ping_status":"open","sticky":false,"template":"","format":"standard","meta":[],"categories":[1],"tags":[],"_links":{"self":[{"href":"http:\/\/blog.sanktneff.de\/index.php?rest_route=\/wp\/v2\/posts\/5265"}],"collection":[{"href":"http:\/\/blog.sanktneff.de\/index.php?rest_route=\/wp\/v2\/posts"}],"about":[{"href":"http:\/\/blog.sanktneff.de\/index.php?rest_route=\/wp\/v2\/types\/post"}],"author":[{"embeddable":true,"href":"http:\/\/blog.sanktneff.de\/index.php?rest_route=\/wp\/v2\/users\/1"}],"replies":[{"embeddable":true,"href":"http:\/\/blog.sanktneff.de\/index.php?rest_route=%2Fwp%2Fv2%2Fcomments&post=5265"}],"version-history":[{"count":2,"href":"http:\/\/blog.sanktneff.de\/index.php?rest_route=\/wp\/v2\/posts\/5265\/revisions"}],"predecessor-version":[{"id":5274,"href":"http:\/\/blog.sanktneff.de\/index.php?rest_route=\/wp\/v2\/posts\/5265\/revisions\/5274"}],"wp:attachment":[{"href":"http:\/\/blog.sanktneff.de\/index.php?rest_route=%2Fwp%2Fv2%2Fmedia&parent=5265"}],"wp:term":[{"taxonomy":"category","embeddable":true,"href":"http:\/\/blog.sanktneff.de\/index.php?rest_route=%2Fwp%2Fv2%2Fcategories&post=5265"},{"taxonomy":"post_tag","embeddable":true,"href":"http:\/\/blog.sanktneff.de\/index.php?rest_route=%2Fwp%2Fv2%2Ftags&post=5265"}],"curies":[{"name":"wp","href":"https:\/\/api.w.org\/{rel}","templated":true}]}}