{"id":5480,"date":"2026-03-07T17:04:03","date_gmt":"2026-03-07T15:04:03","guid":{"rendered":"http:\/\/blog.sanktneff.de\/?p=5480"},"modified":"2026-03-07T17:14:02","modified_gmt":"2026-03-07T15:14:02","slug":"noch-ein-komischer-heiliger-2","status":"publish","type":"post","link":"http:\/\/blog.sanktneff.de\/?p=5480","title":{"rendered":"Und noch ein komischer Heiliger"},"content":{"rendered":"<p style=\"text-align: justify;\">Noch ist es ja m\u00f6glich, immer wieder mal, einfach so zwischendurch und kostenlos, weil man gerade in der Gegend ist, in den K\u00f6lner Dom hineinzuspazieren, zum Gerhard-Richter-Fenster zu pilgern, durch dessen Lichteinfall Gott h\u00f6chstpers\u00f6nlich zu uns spricht, ein Kerzchen anzuz\u00fcnden, um lieber toter Menschen zu gedenken &#8211; und sich dann planlos noch ein wenig treiben zu lassen und umzuschauen in dieser gro\u00dfen, strengen Kirche. So taten es Theodor und ich auch zuletzt wieder &#8211; und entdeckten dabei einen marmornen Heiligen, der uns bislang verborgen geblieben war:<a href=\"http:\/\/blog.sanktneff.de\/?attachment_id=5482\" rel=\"attachment wp-att-5482\"><img loading=\"lazy\" class=\"aligncenter size-large wp-image-5482\" src=\"http:\/\/blog.sanktneff.de\/wp-content\/uploads\/2026\/03\/IMG_6669-1024x768.jpeg\" alt=\"\" width=\"474\" height=\"356\" srcset=\"http:\/\/blog.sanktneff.de\/wp-content\/uploads\/2026\/03\/IMG_6669-1024x768.jpeg 1024w, http:\/\/blog.sanktneff.de\/wp-content\/uploads\/2026\/03\/IMG_6669-300x225.jpeg 300w, http:\/\/blog.sanktneff.de\/wp-content\/uploads\/2026\/03\/IMG_6669-768x576.jpeg 768w, http:\/\/blog.sanktneff.de\/wp-content\/uploads\/2026\/03\/IMG_6669-1536x1152.jpeg 1536w, http:\/\/blog.sanktneff.de\/wp-content\/uploads\/2026\/03\/IMG_6669-2048x1536.jpeg 2048w\" sizes=\"(max-width: 474px) 100vw, 474px\" \/><\/a><\/p>\n<p style=\"text-align: justify;\">Engelbert hei\u00dft er.<\/p>\n<p style=\"text-align: justify;\">Ich wu\u00dfte nichts \u00fcber ihn. Was ich dann nachlas, klingt nicht so heiligm\u00e4\u00dfig:<\/p>\n<p style=\"text-align: justify;\">Im 13. Jahrhundert war Engelbert Erzbischof von K\u00f6ln und wird beschrieben als ein &#8222;brutaler, r\u00fccksichtsloser Machtmensch&#8220;.\u00a0 Am 7. November 1225 wurde er in einem Hohlweg in Gevelsberg erschlagen. In den Mord verwickelt war offenbar sein Widersacher Friedrich von Isenberg, der seinerseits ein Jahr sp\u00e4ter in K\u00f6ln ger\u00e4dert wurde. Friedrich soll die Angreifer im Kampf gegen Engelbert einerseits angefeuert, andererseits aber immerhin die Enthauptung der Leiche verhindert haben.<\/p>\n<p style=\"text-align: justify;\">Die Gebeine Engelberts werden heute in einem kostbaren Schrein in der Schatzkammer des K\u00f6lner Doms aufbewahrt, das separat bestattete &#8222;Herz des Heiligen&#8220; ist im Altenberger Dom zu besichtigen. Fingerreliquien befinden sich in Solingen und in der W\u00e4hringer Pfarrkirche in Wien. Dort vorgehalten wird auch das St\u00fcck einer Rippe und in Gevelsberg ein Teil des Unterarmes.<\/p>\n<p style=\"text-align: justify;\">Wikipedia wei\u00df zudem, da\u00df im Jahr 1978 Gerichtsmediziner die Gebeine Engelberts untersuchten und dabei fast 50 Verletzungen durch Hiebe und Stiche nachwiesen: &#8222;Die hohe Zahl der tiefen Verletzungen wird als Zeichen heftiger Gegenwehr Engelberts und panischer Reaktion der Angreifer interpretiert, da bereits wenige dieser Hiebe sicher t\u00f6dlich gewesen sind.&#8220;<\/p>\n<p style=\"text-align: justify;\">Der Engelbert war also vermutlich ein eher b\u00f6ser Mensch, der ein brutales Ende fand.<\/p>\n<p style=\"text-align: justify;\">Denkt man nicht, oder, wenn man ihn so sieht als lustige Liegefigur, die ein gefl\u00fcgelter Putto z\u00e4rtlich am Finger ber\u00fchrt?<\/p>\n<p style=\"text-align: justify;\">Die ganze \u00fcble Geschichte zu einer Ballade verdichtet hat \u00fcbrigens Annette von Droste-H\u00fclshoff. Liest Du hier:<\/p>\n<p><a href=\"https:\/\/de.wikipedia.org\/wiki\/Der_Tod_des_Erzbischofs_Engelbert_von_K%C3%B6ln\">Der Tod des Erzbischofs Engelbert von K\u00f6ln<\/a><\/p>\n","protected":false},"excerpt":{"rendered":"<p>Noch ist es ja m\u00f6glich, immer wieder mal, einfach so zwischendurch und kostenlos, weil man gerade in der Gegend ist, in den K\u00f6lner Dom hineinzuspazieren, zum Gerhard-Richter-Fenster zu pilgern, durch dessen Lichteinfall Gott h\u00f6chstpers\u00f6nlich zu uns spricht, ein Kerzchen anzuz\u00fcnden, um lieber toter Menschen zu gedenken &#8211; und sich dann planlos noch ein wenig treiben [&hellip;]<\/p>\n","protected":false},"author":1,"featured_media":0,"comment_status":"open","ping_status":"open","sticky":false,"template":"","format":"standard","meta":[],"categories":[1],"tags":[],"_links":{"self":[{"href":"http:\/\/blog.sanktneff.de\/index.php?rest_route=\/wp\/v2\/posts\/5480"}],"collection":[{"href":"http:\/\/blog.sanktneff.de\/index.php?rest_route=\/wp\/v2\/posts"}],"about":[{"href":"http:\/\/blog.sanktneff.de\/index.php?rest_route=\/wp\/v2\/types\/post"}],"author":[{"embeddable":true,"href":"http:\/\/blog.sanktneff.de\/index.php?rest_route=\/wp\/v2\/users\/1"}],"replies":[{"embeddable":true,"href":"http:\/\/blog.sanktneff.de\/index.php?rest_route=%2Fwp%2Fv2%2Fcomments&post=5480"}],"version-history":[{"count":11,"href":"http:\/\/blog.sanktneff.de\/index.php?rest_route=\/wp\/v2\/posts\/5480\/revisions"}],"predecessor-version":[{"id":5495,"href":"http:\/\/blog.sanktneff.de\/index.php?rest_route=\/wp\/v2\/posts\/5480\/revisions\/5495"}],"wp:attachment":[{"href":"http:\/\/blog.sanktneff.de\/index.php?rest_route=%2Fwp%2Fv2%2Fmedia&parent=5480"}],"wp:term":[{"taxonomy":"category","embeddable":true,"href":"http:\/\/blog.sanktneff.de\/index.php?rest_route=%2Fwp%2Fv2%2Fcategories&post=5480"},{"taxonomy":"post_tag","embeddable":true,"href":"http:\/\/blog.sanktneff.de\/index.php?rest_route=%2Fwp%2Fv2%2Ftags&post=5480"}],"curies":[{"name":"wp","href":"https:\/\/api.w.org\/{rel}","templated":true}]}}