{"id":552,"date":"2015-09-15T11:31:41","date_gmt":"2015-09-15T09:31:41","guid":{"rendered":"http:\/\/blog.sanktneff.de\/?p=552"},"modified":"2019-12-30T18:14:55","modified_gmt":"2019-12-30T16:14:55","slug":"das-schlafende-kind","status":"publish","type":"post","link":"http:\/\/blog.sanktneff.de\/?p=552","title":{"rendered":"Das schlafende Kind"},"content":{"rendered":"<p align=\"JUSTIFY\">In dem \u00fcberhaupt ziemlich guten Roman &#8222;Die Gl\u00fccklichen&#8220; bringt Kristine Bilkau ziemlich gut ein Ph\u00e4nomen auf den Punkt, das den meisten Eltern kleiner Kinder vertraut sein d\u00fcrfte:<\/p>\n<p align=\"JUSTIFY\"><strong>&#8222;Das schlafende Kind gibt seine Sch\u00f6nheit ganz und gar preis. Es fordert nichts, es will nicht gef\u00fcttert, gewickelt oder unterhalten werden, es l\u00e4uft nicht davon, kann sich nicht wehtun und weint nicht, es kann nicht st\u00fcrzen und nichts umrei\u00dfen, das Kind kommt nicht auf komische Ideen, schreit nicht und str\u00e4ubt sich nicht, auch sein Wille schl\u00e4ft. W\u00e4hrend sie Matti so betrachtet, \u00f6ffnet sich etwas in ihr, nichts st\u00f6rt dieses Gef\u00fchl von Liebe. Wie eingezw\u00e4ngt das Gef\u00fchl im Alltag doch ist, erdr\u00fcckt zwischen den unz\u00e4hligen Handgriffen, dem Aufpassen und in Stellung sein. Doch w\u00e4hrend der Schlafstille kommt das Gef\u00fchl in seiner ganzen Gr\u00f6\u00dfe zum Vorschein, es kann weiter anwachsen, nichts st\u00f6rt. Sie dr\u00fcckt ihre Nase an seine Wange.&#8220; (S. 252 f.)<\/strong><\/p>\n<p align=\"JUSTIFY\">*<\/p>\n<p align=\"JUSTIFY\">Die Konfrontation mit dem schlafenden Kind &#8211; vor ein paar Jahren habe ich versucht, sie als &#8222;Mutprobe&#8220; zu beschreiben:<\/p>\n<p>&nbsp;<\/p>\n<p lang=\"de-DE\"><strong>Geh nachts nochmal r\u00fcber,<\/strong><\/p>\n<p lang=\"de-DE\"><strong>schalte das Licht an im Flur,<\/strong><\/p>\n<p lang=\"de-DE\"><strong>schleich in das halbdunkle Zimmer<\/strong><\/p>\n<p lang=\"de-DE\"><strong>und schau, wie es daliegt,<\/strong><\/p>\n<p lang=\"de-DE\"><strong>dein Kind,<\/strong><\/p>\n<p lang=\"de-DE\"><strong>daliegt und atmet,<\/strong><\/p>\n<p lang=\"de-DE\"><strong>schau auf seine geschlossenen Lider<\/strong><\/p>\n<p lang=\"de-DE\"><strong>und versuche sie auszuhalten,<\/strong><\/p>\n<p lang=\"de-DE\"><strong>diese unertr\u00e4gliche Zartheit.<\/strong><\/p>\n","protected":false},"excerpt":{"rendered":"<p>In dem \u00fcberhaupt ziemlich guten Roman &#8222;Die Gl\u00fccklichen&#8220; bringt Kristine Bilkau ziemlich gut ein Ph\u00e4nomen auf den Punkt, das den meisten Eltern kleiner Kinder vertraut sein d\u00fcrfte: &#8222;Das schlafende Kind gibt seine Sch\u00f6nheit ganz und gar preis. Es fordert nichts, es will nicht gef\u00fcttert, gewickelt oder unterhalten werden, es l\u00e4uft nicht davon, kann sich nicht [&hellip;]<\/p>\n","protected":false},"author":1,"featured_media":0,"comment_status":"open","ping_status":"open","sticky":false,"template":"","format":"standard","meta":[],"categories":[1],"tags":[],"_links":{"self":[{"href":"http:\/\/blog.sanktneff.de\/index.php?rest_route=\/wp\/v2\/posts\/552"}],"collection":[{"href":"http:\/\/blog.sanktneff.de\/index.php?rest_route=\/wp\/v2\/posts"}],"about":[{"href":"http:\/\/blog.sanktneff.de\/index.php?rest_route=\/wp\/v2\/types\/post"}],"author":[{"embeddable":true,"href":"http:\/\/blog.sanktneff.de\/index.php?rest_route=\/wp\/v2\/users\/1"}],"replies":[{"embeddable":true,"href":"http:\/\/blog.sanktneff.de\/index.php?rest_route=%2Fwp%2Fv2%2Fcomments&post=552"}],"version-history":[{"count":4,"href":"http:\/\/blog.sanktneff.de\/index.php?rest_route=\/wp\/v2\/posts\/552\/revisions"}],"predecessor-version":[{"id":2362,"href":"http:\/\/blog.sanktneff.de\/index.php?rest_route=\/wp\/v2\/posts\/552\/revisions\/2362"}],"wp:attachment":[{"href":"http:\/\/blog.sanktneff.de\/index.php?rest_route=%2Fwp%2Fv2%2Fmedia&parent=552"}],"wp:term":[{"taxonomy":"category","embeddable":true,"href":"http:\/\/blog.sanktneff.de\/index.php?rest_route=%2Fwp%2Fv2%2Fcategories&post=552"},{"taxonomy":"post_tag","embeddable":true,"href":"http:\/\/blog.sanktneff.de\/index.php?rest_route=%2Fwp%2Fv2%2Ftags&post=552"}],"curies":[{"name":"wp","href":"https:\/\/api.w.org\/{rel}","templated":true}]}}