{"id":600,"date":"2015-11-17T11:33:35","date_gmt":"2015-11-17T09:33:35","guid":{"rendered":"http:\/\/blog.sanktneff.de\/?p=600"},"modified":"2019-12-18T17:06:35","modified_gmt":"2019-12-18T15:06:35","slug":"woher-kommt-der-hass","status":"publish","type":"post","link":"http:\/\/blog.sanktneff.de\/?p=600","title":{"rendered":"Vom Woher und Wohin"},"content":{"rendered":"<p style=\"text-align: justify;\">Freund Martin ist Lehrer und ein kluger Mann. Neulich erkundigte er sich via Elektropost, ob ich eine L\u00f6sung f\u00fcr das Fl\u00fcchtlings-Problem h\u00e4tte.\u00a0 Seine Sch\u00fcler fr\u00fcgen ihn immer wieder danach und er wisse keine Antwort. Mir gefiel die Herausforderung, eine gro\u00dfe Frage mit\u00a0wenigen S\u00e4tzen m\u00f6glichst einfach zu beantworten.\u00a0 Und\u00a0so gab ich mir redlich M\u00fche.<\/p>\n<p style=\"text-align: justify;\">Gestern nun revanchierte ich mich und stellte meinem Brieffreund zwei mindestens ebenso intrikate Fragen:<\/p>\n<p style=\"text-align: justify;\"><strong>Woher kommt der Ha\u00df?<\/strong><\/p>\n<p style=\"text-align: justify;\">Und:<\/p>\n<p style=\"text-align: justify;\"><strong>Was tun gegen den Terror?<\/strong><\/p>\n<p style=\"text-align: justify;\">Noch am selben, sp\u00e4ten Abend erreichte mich\u00a0eine Antwort, die mir sehr einleuchtet. N\u00e4mlich diese hier:<\/p>\n<div style=\"text-align: justify;\"><strong>&#8222;Der Hass kommt aus dem Gef\u00fchl, zu kurz gekommen zu sein.<\/strong><\/div>\n<div style=\"text-align: justify;\"><strong>Das Gef\u00fchl, zu kurz gekommen zu sein, kommt aus eingebildetem oder echtem Zukurzgekommensein.<\/strong><\/div>\n<div style=\"text-align: justify;\"><strong>Das Zukurzgekommensein kommt von der Ungerechtigkeit der Welt und der Unt\u00e4tigkeit des lieben Gottes.<\/strong><\/div>\n<div style=\"text-align: justify;\"><strong>Gegen den Terror ist mit viel Geduld und ganz viel Polizeiarbeit alles M\u00f6gliche zu tun, nur eins nicht: Krieg f\u00fchren.<\/strong><\/div>\n<p><strong>Was ist gegen die Angst der Kinder vor dem Terror zu tun? Keine Ahnung.&#8220;<\/strong><\/p>\n<p style=\"text-align: justify;\">Soviel zum Woher und nun zum Wohin, mit dem sich der S\u00e4nger Jochen Distelmeyer auf seiner auch sonst sehr empfehlenswerten Platte &#8222;Heavy&#8220; befa\u00dft hat:<\/p>\n<p><iframe width=\"474\" height=\"267\" src=\"https:\/\/www.youtube.com\/embed\/V4kjPTh5pzg?feature=oembed\" frameborder=\"0\" allow=\"accelerometer; autoplay; encrypted-media; gyroscope; picture-in-picture\" allowfullscreen><\/iframe><\/p>\n","protected":false},"excerpt":{"rendered":"<p>Freund Martin ist Lehrer und ein kluger Mann. Neulich erkundigte er sich via Elektropost, ob ich eine L\u00f6sung f\u00fcr das Fl\u00fcchtlings-Problem h\u00e4tte.\u00a0 Seine Sch\u00fcler fr\u00fcgen ihn immer wieder danach und er wisse keine Antwort. Mir gefiel die Herausforderung, eine gro\u00dfe Frage mit\u00a0wenigen S\u00e4tzen m\u00f6glichst einfach zu beantworten.\u00a0 Und\u00a0so gab ich mir redlich M\u00fche. Gestern nun [&hellip;]<\/p>\n","protected":false},"author":1,"featured_media":0,"comment_status":"open","ping_status":"open","sticky":false,"template":"","format":"standard","meta":[],"categories":[1],"tags":[],"_links":{"self":[{"href":"http:\/\/blog.sanktneff.de\/index.php?rest_route=\/wp\/v2\/posts\/600"}],"collection":[{"href":"http:\/\/blog.sanktneff.de\/index.php?rest_route=\/wp\/v2\/posts"}],"about":[{"href":"http:\/\/blog.sanktneff.de\/index.php?rest_route=\/wp\/v2\/types\/post"}],"author":[{"embeddable":true,"href":"http:\/\/blog.sanktneff.de\/index.php?rest_route=\/wp\/v2\/users\/1"}],"replies":[{"embeddable":true,"href":"http:\/\/blog.sanktneff.de\/index.php?rest_route=%2Fwp%2Fv2%2Fcomments&post=600"}],"version-history":[{"count":8,"href":"http:\/\/blog.sanktneff.de\/index.php?rest_route=\/wp\/v2\/posts\/600\/revisions"}],"predecessor-version":[{"id":2319,"href":"http:\/\/blog.sanktneff.de\/index.php?rest_route=\/wp\/v2\/posts\/600\/revisions\/2319"}],"wp:attachment":[{"href":"http:\/\/blog.sanktneff.de\/index.php?rest_route=%2Fwp%2Fv2%2Fmedia&parent=600"}],"wp:term":[{"taxonomy":"category","embeddable":true,"href":"http:\/\/blog.sanktneff.de\/index.php?rest_route=%2Fwp%2Fv2%2Fcategories&post=600"},{"taxonomy":"post_tag","embeddable":true,"href":"http:\/\/blog.sanktneff.de\/index.php?rest_route=%2Fwp%2Fv2%2Ftags&post=600"}],"curies":[{"name":"wp","href":"https:\/\/api.w.org\/{rel}","templated":true}]}}