{"id":617,"date":"2015-12-08T10:54:50","date_gmt":"2015-12-08T08:54:50","guid":{"rendered":"http:\/\/blog.sanktneff.de\/?p=617"},"modified":"2015-12-08T11:14:26","modified_gmt":"2015-12-08T09:14:26","slug":"fremde-fuesse","status":"publish","type":"post","link":"http:\/\/blog.sanktneff.de\/?p=617","title":{"rendered":"Fremde F\u00fcsse"},"content":{"rendered":"<p style=\"text-align: justify;\">Adolph\u00a0Menzel m\u00f6chte ich an seinem heutigen 200. Geburtstag vor allem f\u00fcr sein Bild &#8222;Der Fu\u00df des K\u00fcnstlers&#8220; feiern. \u00a0Vor einigen Jahren bog ich in der Alten Nationalgalerie um die Ecke und stand unversehens\u00a0und schlagartig begeistert diesem kleinformatigen Gro\u00dfwerk gegen\u00fcber:<\/p>\n<p style=\"text-align: justify;\"><a href=\"http:\/\/blog.sanktneff.de\/wp-content\/uploads\/2015\/12\/Adolph_Menzel_Fu\u00df_des_K\u00fcnstlers_1876.jpg\"><img loading=\"lazy\" class=\"aligncenter size-large wp-image-619\" src=\"http:\/\/blog.sanktneff.de\/wp-content\/uploads\/2015\/12\/Adolph_Menzel_Fu\u00df_des_K\u00fcnstlers_1876-889x1024.jpg\" alt=\"Adolph_Menzel_Fu\u00df_des_K\u00fcnstlers_1876\" width=\"474\" height=\"545\" srcset=\"http:\/\/blog.sanktneff.de\/wp-content\/uploads\/2015\/12\/Adolph_Menzel_Fu\u00df_des_K\u00fcnstlers_1876-889x1024.jpg 889w, http:\/\/blog.sanktneff.de\/wp-content\/uploads\/2015\/12\/Adolph_Menzel_Fu\u00df_des_K\u00fcnstlers_1876-260x300.jpg 260w, http:\/\/blog.sanktneff.de\/wp-content\/uploads\/2015\/12\/Adolph_Menzel_Fu\u00df_des_K\u00fcnstlers_1876.jpg 1389w\" sizes=\"(max-width: 474px) 100vw, 474px\" \/><\/a><\/p>\n<p style=\"text-align: justify;\">In \u00d6l und auf Holz hat Menzel 1876 gemalt, was eigentlich recht nahe liegt &#8211; in seinem Fall besonders nah, denn der Mann war wohl nur knapp Einmeterf\u00fcnfzig gro\u00df\u00a0-: ein Portr\u00e4t seines rechten Fu\u00dfes.<\/p>\n<p style=\"text-align: justify;\">Naheliegend, aber in der\u00a0Geschichte der Kunst doch sehr ungew\u00f6hnlich. Ein genauer Blick auf ein peripheres K\u00f6rperteil, dem vermutlich ebendrum selten derart hingebungsvolle Aufmerksamkeit zuteil wird. \u00a0Der Fu\u00df ist halt sehr weit weg vom Kopf und bleibt den meisten Menschen lebensl\u00e4nglich befremdlich fremd.<\/p>\n<p style=\"text-align: justify;\">Auf dieser Erfahrung fu\u00dft auch das folgende Gedichtchen, das Menzel zu widmen vielleicht etwas anma\u00dfend ist. Ich tus aber trotzdem.<\/p>\n<p>&nbsp;<\/p>\n<p><strong>Einmeterzweiundachtzig<\/strong><\/p>\n<p>&nbsp;<\/p>\n<p>Hier oben ist mein Kopf,<\/p>\n<p lang=\"de-DE\">da unten ist mein Fu\u00df.<\/p>\n<p lang=\"de-DE\">Er scheint mir etwas fremd,<\/p>\n<p lang=\"de-DE\">ich schick ihm einen Gru\u00df.<\/p>\n<p>&nbsp;<\/p>\n<p lang=\"de-DE\">Der Fu\u00df gr\u00fc\u00dft mich zur\u00fcck,<\/p>\n<p lang=\"de-DE\">erz\u00e4hlt mir meine Hand.<\/p>\n<p lang=\"de-DE\">Ich glaub, mein Fu\u00df und ich,<\/p>\n<p lang=\"de-DE\">wir sind jetzt gut bekannt.<\/p>\n","protected":false},"excerpt":{"rendered":"<p>Adolph\u00a0Menzel m\u00f6chte ich an seinem heutigen 200. Geburtstag vor allem f\u00fcr sein Bild &#8222;Der Fu\u00df des K\u00fcnstlers&#8220; feiern. \u00a0Vor einigen Jahren bog ich in der Alten Nationalgalerie um die Ecke und stand unversehens\u00a0und schlagartig begeistert diesem kleinformatigen Gro\u00dfwerk gegen\u00fcber: In \u00d6l und auf Holz hat Menzel 1876 gemalt, was eigentlich recht nahe liegt &#8211; in [&hellip;]<\/p>\n","protected":false},"author":1,"featured_media":0,"comment_status":"open","ping_status":"open","sticky":false,"template":"","format":"standard","meta":[],"categories":[1],"tags":[],"_links":{"self":[{"href":"http:\/\/blog.sanktneff.de\/index.php?rest_route=\/wp\/v2\/posts\/617"}],"collection":[{"href":"http:\/\/blog.sanktneff.de\/index.php?rest_route=\/wp\/v2\/posts"}],"about":[{"href":"http:\/\/blog.sanktneff.de\/index.php?rest_route=\/wp\/v2\/types\/post"}],"author":[{"embeddable":true,"href":"http:\/\/blog.sanktneff.de\/index.php?rest_route=\/wp\/v2\/users\/1"}],"replies":[{"embeddable":true,"href":"http:\/\/blog.sanktneff.de\/index.php?rest_route=%2Fwp%2Fv2%2Fcomments&post=617"}],"version-history":[{"count":9,"href":"http:\/\/blog.sanktneff.de\/index.php?rest_route=\/wp\/v2\/posts\/617\/revisions"}],"predecessor-version":[{"id":628,"href":"http:\/\/blog.sanktneff.de\/index.php?rest_route=\/wp\/v2\/posts\/617\/revisions\/628"}],"wp:attachment":[{"href":"http:\/\/blog.sanktneff.de\/index.php?rest_route=%2Fwp%2Fv2%2Fmedia&parent=617"}],"wp:term":[{"taxonomy":"category","embeddable":true,"href":"http:\/\/blog.sanktneff.de\/index.php?rest_route=%2Fwp%2Fv2%2Fcategories&post=617"},{"taxonomy":"post_tag","embeddable":true,"href":"http:\/\/blog.sanktneff.de\/index.php?rest_route=%2Fwp%2Fv2%2Ftags&post=617"}],"curies":[{"name":"wp","href":"https:\/\/api.w.org\/{rel}","templated":true}]}}