{"id":667,"date":"2016-01-05T11:18:02","date_gmt":"2016-01-05T09:18:02","guid":{"rendered":"http:\/\/blog.sanktneff.de\/?p=667"},"modified":"2019-12-18T16:49:01","modified_gmt":"2019-12-18T14:49:01","slug":"abgebrochene-grossprojekte-2","status":"publish","type":"post","link":"http:\/\/blog.sanktneff.de\/?p=667","title":{"rendered":"Abgebrochene Grossprojekte (2)"},"content":{"rendered":"<p style=\"text-align: justify;\">Adolph Menzel, dessen rechter Fu\u00df ein paar Eintr\u00e4ge weiter unten zu bestaunen ist,\u00a0 war als K\u00fcnstler sehr erfolgreich und viel bewundert. Kurz vor seinem 60. Geburtstag griff er sich eine Kladde in der Absicht, darin sein Leben aufzuschreiben, und verzierte sie schwungvoll mit der Aufschrift:<\/p>\n<p style=\"text-align: justify;\"><strong>&#8222;ich.&#8220;<\/strong><\/p>\n<p style=\"text-align: justify;\">Er\u00a0notierte\u00a0zwei S\u00e4tze \u00fcber seine\u00a0Herkunft und klappte die Kladde wieder zu. Ein paar Jahre sp\u00e4ter erg\u00e4nzte er seine Autobiographie um nochmal zwei oder drei S\u00e4tze und brach das Vorhaben dann endg\u00fcltig ab &#8211; er fand sein\u00a0Leben einfach nicht interessant genug.<\/p>\n<p style=\"text-align: justify;\">Da\u00df aber auch ein uninteressantes Leben in einem Buch mit vielen Kapiteln aufgeschrieben werden kann, versuche<\/p>\n<p style=\"text-align: justify;\"><strong> &#8222;ich&#8220;<\/strong><\/p>\n<p style=\"text-align: justify;\">gerade in aller Heimlichkeit zu beweisen. Demn\u00e4chst vielleicht mehr.<\/p>\n<p style=\"text-align: justify;\">P.S. Die Kladde ist Gegenstand der Menzel-Ausstellung im Berliner Stadtmuseum.\u00a0 Dort las ich ein bi\u00dfchen im G\u00e4stebuch rum. Ein Besucher lie\u00df sich darin etwas weitschweifig, aber nicht ganz zu Unrecht \u00a0\u00fcber die &#8222;altbackene&#8220;, &#8222;nicht zeitgem\u00e4\u00dfe&#8220; Pr\u00e4sentation der Exponate aus. Der n\u00e4chste Eintrag im G\u00e4stebuch lautete dann lustig lapidar und angenehm besserwisserisch:<\/p>\n<p style=\"text-align: justify;\"><strong>&#8222;Vorstehendes Quatsch.<\/strong><\/p>\n<p style=\"text-align: justify;\"><strong>Dr. Sowieso&#8220;<\/strong><\/p>\n","protected":false},"excerpt":{"rendered":"<p>Adolph Menzel, dessen rechter Fu\u00df ein paar Eintr\u00e4ge weiter unten zu bestaunen ist,\u00a0 war als K\u00fcnstler sehr erfolgreich und viel bewundert. Kurz vor seinem 60. Geburtstag griff er sich eine Kladde in der Absicht, darin sein Leben aufzuschreiben, und verzierte sie schwungvoll mit der Aufschrift: &#8222;ich.&#8220; Er\u00a0notierte\u00a0zwei S\u00e4tze \u00fcber seine\u00a0Herkunft und klappte die Kladde wieder [&hellip;]<\/p>\n","protected":false},"author":1,"featured_media":0,"comment_status":"open","ping_status":"open","sticky":false,"template":"","format":"standard","meta":[],"categories":[1],"tags":[],"_links":{"self":[{"href":"http:\/\/blog.sanktneff.de\/index.php?rest_route=\/wp\/v2\/posts\/667"}],"collection":[{"href":"http:\/\/blog.sanktneff.de\/index.php?rest_route=\/wp\/v2\/posts"}],"about":[{"href":"http:\/\/blog.sanktneff.de\/index.php?rest_route=\/wp\/v2\/types\/post"}],"author":[{"embeddable":true,"href":"http:\/\/blog.sanktneff.de\/index.php?rest_route=\/wp\/v2\/users\/1"}],"replies":[{"embeddable":true,"href":"http:\/\/blog.sanktneff.de\/index.php?rest_route=%2Fwp%2Fv2%2Fcomments&post=667"}],"version-history":[{"count":8,"href":"http:\/\/blog.sanktneff.de\/index.php?rest_route=\/wp\/v2\/posts\/667\/revisions"}],"predecessor-version":[{"id":2313,"href":"http:\/\/blog.sanktneff.de\/index.php?rest_route=\/wp\/v2\/posts\/667\/revisions\/2313"}],"wp:attachment":[{"href":"http:\/\/blog.sanktneff.de\/index.php?rest_route=%2Fwp%2Fv2%2Fmedia&parent=667"}],"wp:term":[{"taxonomy":"category","embeddable":true,"href":"http:\/\/blog.sanktneff.de\/index.php?rest_route=%2Fwp%2Fv2%2Fcategories&post=667"},{"taxonomy":"post_tag","embeddable":true,"href":"http:\/\/blog.sanktneff.de\/index.php?rest_route=%2Fwp%2Fv2%2Ftags&post=667"}],"curies":[{"name":"wp","href":"https:\/\/api.w.org\/{rel}","templated":true}]}}