{"id":686,"date":"2016-01-26T22:49:20","date_gmt":"2016-01-26T20:49:20","guid":{"rendered":"http:\/\/blog.sanktneff.de\/?p=686"},"modified":"2019-12-18T16:47:20","modified_gmt":"2019-12-18T14:47:20","slug":"defekt-6","status":"publish","type":"post","link":"http:\/\/blog.sanktneff.de\/?p=686","title":{"rendered":"Defekt (6)"},"content":{"rendered":"<p style=\"text-align: justify;\">Da\u00df Kunst kaputt im Sinne von krank, abartig, geschmacklos sein kann, wenn nicht gelegentlich gar: sein mu\u00df &#8211; im Grunde ein alter Hut.<\/p>\n<p style=\"text-align: justify;\">Da\u00df Kunstwerke aber auch kaputt, im Sinne von technisch defekt sein k\u00f6nnen &#8211; das ist ein Ph\u00e4nomen der Moderne. Kunst, die\u00a0unplugged an der Wand h\u00e4ngt oder in Stein gemei\u00dfelt auf einem Sockel steht, kann kaum kaputtgehen.\u00a0 Wohl aber eine Installation, die vorsieht, da\u00df\u00a0ein Gartenzwerg\u00a0auf einer strombetriebenen Lore vor- und zur\u00fcckf\u00e4hrt.\u00a0 So\u00a0passiert und von Frau Astrid dokumentiert in einer Ausstellung des Martin Gropius-Baus in Berlin:<\/p>\n<p style=\"text-align: justify;\"><a href=\"http:\/\/blog.sanktneff.de\/wp-content\/uploads\/2016\/01\/Defekte-Kunst.jpg\"><img loading=\"lazy\" class=\"aligncenter size-large wp-image-706\" src=\"http:\/\/blog.sanktneff.de\/wp-content\/uploads\/2016\/01\/Defekte-Kunst-576x1024.jpg\" alt=\"Defekte Kunst\" width=\"474\" height=\"842\" srcset=\"http:\/\/blog.sanktneff.de\/wp-content\/uploads\/2016\/01\/Defekte-Kunst-576x1024.jpg 576w, http:\/\/blog.sanktneff.de\/wp-content\/uploads\/2016\/01\/Defekte-Kunst.jpg 675w\" sizes=\"(max-width: 474px) 100vw, 474px\" \/><\/a><\/p>\n","protected":false},"excerpt":{"rendered":"<p>Da\u00df Kunst kaputt im Sinne von krank, abartig, geschmacklos sein kann, wenn nicht gelegentlich gar: sein mu\u00df &#8211; im Grunde ein alter Hut. Da\u00df Kunstwerke aber auch kaputt, im Sinne von technisch defekt sein k\u00f6nnen &#8211; das ist ein Ph\u00e4nomen der Moderne. Kunst, die\u00a0unplugged an der Wand h\u00e4ngt oder in Stein gemei\u00dfelt auf einem Sockel [&hellip;]<\/p>\n","protected":false},"author":1,"featured_media":0,"comment_status":"open","ping_status":"open","sticky":false,"template":"","format":"standard","meta":[],"categories":[1],"tags":[],"_links":{"self":[{"href":"http:\/\/blog.sanktneff.de\/index.php?rest_route=\/wp\/v2\/posts\/686"}],"collection":[{"href":"http:\/\/blog.sanktneff.de\/index.php?rest_route=\/wp\/v2\/posts"}],"about":[{"href":"http:\/\/blog.sanktneff.de\/index.php?rest_route=\/wp\/v2\/types\/post"}],"author":[{"embeddable":true,"href":"http:\/\/blog.sanktneff.de\/index.php?rest_route=\/wp\/v2\/users\/1"}],"replies":[{"embeddable":true,"href":"http:\/\/blog.sanktneff.de\/index.php?rest_route=%2Fwp%2Fv2%2Fcomments&post=686"}],"version-history":[{"count":8,"href":"http:\/\/blog.sanktneff.de\/index.php?rest_route=\/wp\/v2\/posts\/686\/revisions"}],"predecessor-version":[{"id":2312,"href":"http:\/\/blog.sanktneff.de\/index.php?rest_route=\/wp\/v2\/posts\/686\/revisions\/2312"}],"wp:attachment":[{"href":"http:\/\/blog.sanktneff.de\/index.php?rest_route=%2Fwp%2Fv2%2Fmedia&parent=686"}],"wp:term":[{"taxonomy":"category","embeddable":true,"href":"http:\/\/blog.sanktneff.de\/index.php?rest_route=%2Fwp%2Fv2%2Fcategories&post=686"},{"taxonomy":"post_tag","embeddable":true,"href":"http:\/\/blog.sanktneff.de\/index.php?rest_route=%2Fwp%2Fv2%2Ftags&post=686"}],"curies":[{"name":"wp","href":"https:\/\/api.w.org\/{rel}","templated":true}]}}