{"id":698,"date":"2016-06-30T09:20:33","date_gmt":"2016-06-30T07:20:33","guid":{"rendered":"http:\/\/blog.sanktneff.de\/?p=698"},"modified":"2016-06-30T09:53:24","modified_gmt":"2016-06-30T07:53:24","slug":"gernhardt-gedenken-in-goettingen","status":"publish","type":"post","link":"http:\/\/blog.sanktneff.de\/?p=698","title":{"rendered":"Gernhardt-Gedenken in G\u00f6ttingen"},"content":{"rendered":"<p style=\"text-align: justify;\">Heute vor zehn Jahren ist Robert Gernhardt gestorben. Einer meiner liebsten Reime des nicht nur in Reimangelegenheiten ziemlich unerreichbaren Dichters ist der gleich zu Beginn\u00a0des Gedichts &#8222;Nachdem er durch Metzingen gegangen war&#8220;:<\/p>\n<p><strong>&#8222;Dich will ich loben: H\u00e4\u00dfliches,<\/strong><\/p>\n<p><strong>du hast so was Verl\u00e4\u00dfliches.&#8220;<\/strong><\/p>\n<p style=\"text-align: justify;\">An diesen Geniestreich mu\u00dfte ich denken, als mir\u00a0auf Umwegen folgende Fotos aus G\u00f6ttingen zugespielt wurden:<\/p>\n<p style=\"text-align: justify;\"><a href=\"http:\/\/blog.sanktneff.de\/wp-content\/uploads\/2016\/06\/Gernhardt-1.jpg\"><img loading=\"lazy\" class=\"aligncenter size-large wp-image-903\" src=\"http:\/\/blog.sanktneff.de\/wp-content\/uploads\/2016\/06\/Gernhardt-1-1024x768.jpg\" alt=\"Gernhardt 1\" width=\"474\" height=\"355\" srcset=\"http:\/\/blog.sanktneff.de\/wp-content\/uploads\/2016\/06\/Gernhardt-1-1024x768.jpg 1024w, http:\/\/blog.sanktneff.de\/wp-content\/uploads\/2016\/06\/Gernhardt-1-300x225.jpg 300w\" sizes=\"(max-width: 474px) 100vw, 474px\" \/><\/a><\/p>\n<p style=\"text-align: justify;\">Gernhardt verbrachte gro\u00dfe Teile seiner Kindheit und Jugend in G\u00f6ttingen, weshalb die Stadt ihn vor ein paar Jahren mit einem eigenen Platz ehren zu m\u00fcssen meinte bzw. sich selbst damit schm\u00fccken zu d\u00fcrfen glaubte. Und das tat sie, wie Christoph Dresslers Fotos belegen, mit feinem Gesp\u00fcr daf\u00fcr, welche Ecke besonders gut zu Gernhardts Werk passen k\u00f6nnte.<\/p>\n<p style=\"text-align: justify;\"><a href=\"http:\/\/blog.sanktneff.de\/wp-content\/uploads\/2016\/06\/Gernhardt-2.jpg\"><img loading=\"lazy\" class=\"aligncenter size-large wp-image-904\" src=\"http:\/\/blog.sanktneff.de\/wp-content\/uploads\/2016\/06\/Gernhardt-2-1024x768.jpg\" alt=\"Gernhardt 2\" width=\"474\" height=\"355\" srcset=\"http:\/\/blog.sanktneff.de\/wp-content\/uploads\/2016\/06\/Gernhardt-2-1024x768.jpg 1024w, http:\/\/blog.sanktneff.de\/wp-content\/uploads\/2016\/06\/Gernhardt-2-300x225.jpg 300w\" sizes=\"(max-width: 474px) 100vw, 474px\" \/><\/a><\/p>\n<p style=\"text-align: justify;\">Nicht zu seinem Gesamtwerk, sondern zu eben jenem Gedicht, das ich f\u00fcr meine Zwecke vor\u00fcbergehend umtaufen m\u00f6chte:<\/p>\n<p>&nbsp;<\/p>\n<p style=\"text-align: justify;\"><strong>Nachdem er durch G\u00f6ttingen gegangen war<\/strong><\/p>\n<p>&nbsp;<\/p>\n<p>Dich will ich loben: H\u00e4\u00dfliches,<\/p>\n<p>du hast so was Verl\u00e4\u00dfliches.<\/p>\n<p>&nbsp;<\/p>\n<p>Das Sch\u00f6ne schwindet, scheidet, flieht &#8211;<\/p>\n<p>fast tut es weh, wenn man es sieht.<\/p>\n<p>&nbsp;<\/p>\n<p>Wer Sch\u00f6nes anschaut, sp\u00fcrt die Zeit,<\/p>\n<p>und Zeit meint stets: Bald ist\u00b4s soweit.<\/p>\n<p>&nbsp;<\/p>\n<p>Das Sch\u00f6ne gibt uns Grund zur Trauer.<\/p>\n<p>Das H\u00e4\u00dfliche erfreut durch Dauer.<\/p>\n<p>&nbsp;<\/p>\n<p style=\"text-align: justify;\">(aus Robert Gernhardt, Gesammelte Gedichte, \u00a0S. Fischer Verlag, Frankfurt am Main 2005)<\/p>\n","protected":false},"excerpt":{"rendered":"<p>Heute vor zehn Jahren ist Robert Gernhardt gestorben. Einer meiner liebsten Reime des nicht nur in Reimangelegenheiten ziemlich unerreichbaren Dichters ist der gleich zu Beginn\u00a0des Gedichts &#8222;Nachdem er durch Metzingen gegangen war&#8220;: &#8222;Dich will ich loben: H\u00e4\u00dfliches, du hast so was Verl\u00e4\u00dfliches.&#8220; An diesen Geniestreich mu\u00dfte ich denken, als mir\u00a0auf Umwegen folgende Fotos aus G\u00f6ttingen [&hellip;]<\/p>\n","protected":false},"author":1,"featured_media":0,"comment_status":"open","ping_status":"open","sticky":false,"template":"","format":"standard","meta":[],"categories":[1],"tags":[],"_links":{"self":[{"href":"http:\/\/blog.sanktneff.de\/index.php?rest_route=\/wp\/v2\/posts\/698"}],"collection":[{"href":"http:\/\/blog.sanktneff.de\/index.php?rest_route=\/wp\/v2\/posts"}],"about":[{"href":"http:\/\/blog.sanktneff.de\/index.php?rest_route=\/wp\/v2\/types\/post"}],"author":[{"embeddable":true,"href":"http:\/\/blog.sanktneff.de\/index.php?rest_route=\/wp\/v2\/users\/1"}],"replies":[{"embeddable":true,"href":"http:\/\/blog.sanktneff.de\/index.php?rest_route=%2Fwp%2Fv2%2Fcomments&post=698"}],"version-history":[{"count":13,"href":"http:\/\/blog.sanktneff.de\/index.php?rest_route=\/wp\/v2\/posts\/698\/revisions"}],"predecessor-version":[{"id":918,"href":"http:\/\/blog.sanktneff.de\/index.php?rest_route=\/wp\/v2\/posts\/698\/revisions\/918"}],"wp:attachment":[{"href":"http:\/\/blog.sanktneff.de\/index.php?rest_route=%2Fwp%2Fv2%2Fmedia&parent=698"}],"wp:term":[{"taxonomy":"category","embeddable":true,"href":"http:\/\/blog.sanktneff.de\/index.php?rest_route=%2Fwp%2Fv2%2Fcategories&post=698"},{"taxonomy":"post_tag","embeddable":true,"href":"http:\/\/blog.sanktneff.de\/index.php?rest_route=%2Fwp%2Fv2%2Ftags&post=698"}],"curies":[{"name":"wp","href":"https:\/\/api.w.org\/{rel}","templated":true}]}}