{"id":751,"date":"2016-02-29T09:45:27","date_gmt":"2016-02-29T07:45:27","guid":{"rendered":"http:\/\/blog.sanktneff.de\/?p=751"},"modified":"2016-02-29T09:45:27","modified_gmt":"2016-02-29T07:45:27","slug":"schalttag","status":"publish","type":"post","link":"http:\/\/blog.sanktneff.de\/?p=751","title":{"rendered":"Schalttag"},"content":{"rendered":"<p style=\"text-align: justify;\">Als ich las, da\u00df der heutige 29. Februar der &#8222;Tag der Seltenen Erkrankungen&#8220; ist, war meine Freude gro\u00df. Denn selten &#8211; und deshalb sch\u00f6n\u00a0&#8211; konsequent ist es, sich seltenen Krankheiten auch nur sporadisch zu widmen, so alle vier Jahre mal zum Beispiel.\u00a0 Aber dann\u00a0 mu\u00dfte ich erfahren, da\u00df dieser Gedenktag doch jedes Jahr begangen wird, n\u00e4mlich immer am letzten Tag des Februars.\u00a0 Und wieder\u00a0ein Einbruch der Realit\u00e4t in die Sch\u00f6nheit.<\/p>\n","protected":false},"excerpt":{"rendered":"<p>Als ich las, da\u00df der heutige 29. Februar der &#8222;Tag der Seltenen Erkrankungen&#8220; ist, war meine Freude gro\u00df. Denn selten &#8211; und deshalb sch\u00f6n\u00a0&#8211; konsequent ist es, sich seltenen Krankheiten auch nur sporadisch zu widmen, so alle vier Jahre mal zum Beispiel.\u00a0 Aber dann\u00a0 mu\u00dfte ich erfahren, da\u00df dieser Gedenktag doch jedes Jahr begangen wird, [&hellip;]<\/p>\n","protected":false},"author":1,"featured_media":0,"comment_status":"open","ping_status":"open","sticky":false,"template":"","format":"standard","meta":[],"categories":[1],"tags":[],"_links":{"self":[{"href":"http:\/\/blog.sanktneff.de\/index.php?rest_route=\/wp\/v2\/posts\/751"}],"collection":[{"href":"http:\/\/blog.sanktneff.de\/index.php?rest_route=\/wp\/v2\/posts"}],"about":[{"href":"http:\/\/blog.sanktneff.de\/index.php?rest_route=\/wp\/v2\/types\/post"}],"author":[{"embeddable":true,"href":"http:\/\/blog.sanktneff.de\/index.php?rest_route=\/wp\/v2\/users\/1"}],"replies":[{"embeddable":true,"href":"http:\/\/blog.sanktneff.de\/index.php?rest_route=%2Fwp%2Fv2%2Fcomments&post=751"}],"version-history":[{"count":2,"href":"http:\/\/blog.sanktneff.de\/index.php?rest_route=\/wp\/v2\/posts\/751\/revisions"}],"predecessor-version":[{"id":760,"href":"http:\/\/blog.sanktneff.de\/index.php?rest_route=\/wp\/v2\/posts\/751\/revisions\/760"}],"wp:attachment":[{"href":"http:\/\/blog.sanktneff.de\/index.php?rest_route=%2Fwp%2Fv2%2Fmedia&parent=751"}],"wp:term":[{"taxonomy":"category","embeddable":true,"href":"http:\/\/blog.sanktneff.de\/index.php?rest_route=%2Fwp%2Fv2%2Fcategories&post=751"},{"taxonomy":"post_tag","embeddable":true,"href":"http:\/\/blog.sanktneff.de\/index.php?rest_route=%2Fwp%2Fv2%2Ftags&post=751"}],"curies":[{"name":"wp","href":"https:\/\/api.w.org\/{rel}","templated":true}]}}