{"id":774,"date":"2016-03-14T11:54:13","date_gmt":"2016-03-14T09:54:13","guid":{"rendered":"http:\/\/blog.sanktneff.de\/?p=774"},"modified":"2019-12-16T17:51:54","modified_gmt":"2019-12-16T15:51:54","slug":"max-raabe-faehrt-freihaendig-fahrrad","status":"publish","type":"post","link":"http:\/\/blog.sanktneff.de\/?p=774","title":{"rendered":"Max Raabe f\u00e4hrt freih\u00e4ndig Fahrrad"},"content":{"rendered":"<p style=\"text-align: justify;\">Noch nicht lang her, da hing in Berlin allerorten ein Plakat, auf dem man den S\u00e4nger Max Raabe sah, wie er in Smoking und mit Fliege freih\u00e4ndig, die H\u00e4nde in den Hosentaschen, auf einem Hollandrad durch die abendliche Hauptstadt radelt. Sehr l\u00e4ssig und stilvoll.<\/p>\n<p style=\"text-align: justify;\">Der prominente Herr ist offenbar auch privat so. Jedenfalls erz\u00e4hlte mir Nachbarin Ninette von einer neulichen Beobachtung in der Kreuzberger Gro\u00dfbeerenstra\u00dfe, die ich umgehend in ein Haiku zu gie\u00dfen versucht habe:<\/p>\n<p align=\"JUSTIFY\"><strong>Am Lampenladen<\/strong><\/p>\n<p align=\"JUSTIFY\"><strong>steigt Max Raabe aufs Fahrrad:<\/strong><\/p>\n<p align=\"JUSTIFY\"><strong>f\u00e4hrt freih\u00e4ndig fort.<\/strong><\/p>\n","protected":false},"excerpt":{"rendered":"<p>Noch nicht lang her, da hing in Berlin allerorten ein Plakat, auf dem man den S\u00e4nger Max Raabe sah, wie er in Smoking und mit Fliege freih\u00e4ndig, die H\u00e4nde in den Hosentaschen, auf einem Hollandrad durch die abendliche Hauptstadt radelt. Sehr l\u00e4ssig und stilvoll. Der prominente Herr ist offenbar auch privat so. Jedenfalls erz\u00e4hlte mir [&hellip;]<\/p>\n","protected":false},"author":1,"featured_media":0,"comment_status":"open","ping_status":"open","sticky":false,"template":"","format":"standard","meta":[],"categories":[1],"tags":[],"_links":{"self":[{"href":"http:\/\/blog.sanktneff.de\/index.php?rest_route=\/wp\/v2\/posts\/774"}],"collection":[{"href":"http:\/\/blog.sanktneff.de\/index.php?rest_route=\/wp\/v2\/posts"}],"about":[{"href":"http:\/\/blog.sanktneff.de\/index.php?rest_route=\/wp\/v2\/types\/post"}],"author":[{"embeddable":true,"href":"http:\/\/blog.sanktneff.de\/index.php?rest_route=\/wp\/v2\/users\/1"}],"replies":[{"embeddable":true,"href":"http:\/\/blog.sanktneff.de\/index.php?rest_route=%2Fwp%2Fv2%2Fcomments&post=774"}],"version-history":[{"count":2,"href":"http:\/\/blog.sanktneff.de\/index.php?rest_route=\/wp\/v2\/posts\/774\/revisions"}],"predecessor-version":[{"id":2309,"href":"http:\/\/blog.sanktneff.de\/index.php?rest_route=\/wp\/v2\/posts\/774\/revisions\/2309"}],"wp:attachment":[{"href":"http:\/\/blog.sanktneff.de\/index.php?rest_route=%2Fwp%2Fv2%2Fmedia&parent=774"}],"wp:term":[{"taxonomy":"category","embeddable":true,"href":"http:\/\/blog.sanktneff.de\/index.php?rest_route=%2Fwp%2Fv2%2Fcategories&post=774"},{"taxonomy":"post_tag","embeddable":true,"href":"http:\/\/blog.sanktneff.de\/index.php?rest_route=%2Fwp%2Fv2%2Ftags&post=774"}],"curies":[{"name":"wp","href":"https:\/\/api.w.org\/{rel}","templated":true}]}}