{"id":798,"date":"2016-04-12T10:51:51","date_gmt":"2016-04-12T08:51:51","guid":{"rendered":"http:\/\/blog.sanktneff.de\/?p=798"},"modified":"2016-05-27T16:17:28","modified_gmt":"2016-05-27T14:17:28","slug":"voegeln-wie-die-triathleten","status":"publish","type":"post","link":"http:\/\/blog.sanktneff.de\/?p=798","title":{"rendered":"Es treiben wie die Triathleten"},"content":{"rendered":"<p style=\"text-align: justify;\">Eine Bekannte\u00a0\u00a0lebte einst gemeinsam mit einer Triathletin in einer Wohngemeinschaft. Der Freund der Triathletin war ebenfalls Triathlet. In der sehr hellh\u00f6rigen Wohnung konnte\u00a0 meine Gew\u00e4hrsfrau\u00a0praktisch Nacht f\u00fcr Nacht als Ohrenzeugin\u00a0mitverfolgen, wie sportiv, leistungsorientiert, ausdauernd, lautstark und lauthals\u00a0derartig durchtrainierte Menschen zu v\u00f6geln imstande sind.<\/p>\n<p style=\"text-align: justify;\">Ich mache das hier \u00f6ffentlich, weil ich finde, da\u00df die Redewendung<\/p>\n<p><strong>&#8222;v\u00f6geln\u00a0wie die Triathleten&#8220;<\/strong><\/p>\n<p style=\"text-align: justify;\">(eventuell auch in der alliterativen Variante &#8222;es treiben wie die Triathleten&#8220;) das Zeug hat zum gefl\u00fcgelten Wort.\u00a0 Hiermit ist sie in der Welt. Ob sie Fl\u00fcgel bekommt, das h\u00e4ngt allein von Dir ab, liebe Leserin, lieber Leser.<\/p>\n","protected":false},"excerpt":{"rendered":"<p>Eine Bekannte\u00a0\u00a0lebte einst gemeinsam mit einer Triathletin in einer Wohngemeinschaft. Der Freund der Triathletin war ebenfalls Triathlet. In der sehr hellh\u00f6rigen Wohnung konnte\u00a0 meine Gew\u00e4hrsfrau\u00a0praktisch Nacht f\u00fcr Nacht als Ohrenzeugin\u00a0mitverfolgen, wie sportiv, leistungsorientiert, ausdauernd, lautstark und lauthals\u00a0derartig durchtrainierte Menschen zu v\u00f6geln imstande sind. Ich mache das hier \u00f6ffentlich, weil ich finde, da\u00df die Redewendung &#8222;v\u00f6geln\u00a0wie [&hellip;]<\/p>\n","protected":false},"author":1,"featured_media":0,"comment_status":"open","ping_status":"open","sticky":false,"template":"","format":"standard","meta":[],"categories":[1],"tags":[],"_links":{"self":[{"href":"http:\/\/blog.sanktneff.de\/index.php?rest_route=\/wp\/v2\/posts\/798"}],"collection":[{"href":"http:\/\/blog.sanktneff.de\/index.php?rest_route=\/wp\/v2\/posts"}],"about":[{"href":"http:\/\/blog.sanktneff.de\/index.php?rest_route=\/wp\/v2\/types\/post"}],"author":[{"embeddable":true,"href":"http:\/\/blog.sanktneff.de\/index.php?rest_route=\/wp\/v2\/users\/1"}],"replies":[{"embeddable":true,"href":"http:\/\/blog.sanktneff.de\/index.php?rest_route=%2Fwp%2Fv2%2Fcomments&post=798"}],"version-history":[{"count":6,"href":"http:\/\/blog.sanktneff.de\/index.php?rest_route=\/wp\/v2\/posts\/798\/revisions"}],"predecessor-version":[{"id":864,"href":"http:\/\/blog.sanktneff.de\/index.php?rest_route=\/wp\/v2\/posts\/798\/revisions\/864"}],"wp:attachment":[{"href":"http:\/\/blog.sanktneff.de\/index.php?rest_route=%2Fwp%2Fv2%2Fmedia&parent=798"}],"wp:term":[{"taxonomy":"category","embeddable":true,"href":"http:\/\/blog.sanktneff.de\/index.php?rest_route=%2Fwp%2Fv2%2Fcategories&post=798"},{"taxonomy":"post_tag","embeddable":true,"href":"http:\/\/blog.sanktneff.de\/index.php?rest_route=%2Fwp%2Fv2%2Ftags&post=798"}],"curies":[{"name":"wp","href":"https:\/\/api.w.org\/{rel}","templated":true}]}}