{"id":822,"date":"2016-05-10T10:13:31","date_gmt":"2016-05-10T08:13:31","guid":{"rendered":"http:\/\/blog.sanktneff.de\/?p=822"},"modified":"2016-05-26T16:47:00","modified_gmt":"2016-05-26T14:47:00","slug":"neue-zeit","status":"publish","type":"post","link":"http:\/\/blog.sanktneff.de\/?p=822","title":{"rendered":"Neue Zeit"},"content":{"rendered":"<p style=\"text-align: justify;\">Freund Andreas machte mich auf ein Ph\u00e4nomen aufmerksam: In B\u00e4ckereien sei bei un\u00fcbersichtlichem Andrang zu beobachten, da\u00df die Fachverk\u00e4uferinnen ein\u00a0kreatives neues\u00a0\u00a0Tempus verwenden:<\/p>\n<p style=\"text-align: justify;\"><strong>&#8222;Wer war jetzt?&#8220;<\/strong><\/p>\n<p style=\"text-align: justify;\">Ich freute mich \u00fcber den passenden Fach-Terminus &#8222;Pr\u00e4sens Praeteritum&#8220; und stellte dann fest, da\u00df ich genau diese Zeit-Form auch schon einmal eingebaut habe: in ein Gedicht, das mittlerweile\u00a0vierzehnzweidrittel Jahre alt ist:<\/p>\n<p>&nbsp;<\/p>\n<p lang=\"de-DE\"><strong>Dreiunddrei\u00dfigeindrittel<\/strong><\/p>\n<p>&nbsp;<\/p>\n<p lang=\"de-DE\">Mein erster Schrei &#8211; schnell vorbei.<\/p>\n<p lang=\"de-DE\">Kindheit &#8211; ruck, Jugend &#8211; zuck.<\/p>\n<p lang=\"de-DE\">Und pl\u00f6tzlich war jetzt.<\/p>\n<p lang=\"de-DE\">Bald bin ich alt.<\/p>\n<p lang=\"de-DE\">Dann bin ich dran.<\/p>\n<p lang=\"de-DE\">(Sp\u00e4testens dann.)<\/p>\n","protected":false},"excerpt":{"rendered":"<p>Freund Andreas machte mich auf ein Ph\u00e4nomen aufmerksam: In B\u00e4ckereien sei bei un\u00fcbersichtlichem Andrang zu beobachten, da\u00df die Fachverk\u00e4uferinnen ein\u00a0kreatives neues\u00a0\u00a0Tempus verwenden: &#8222;Wer war jetzt?&#8220; Ich freute mich \u00fcber den passenden Fach-Terminus &#8222;Pr\u00e4sens Praeteritum&#8220; und stellte dann fest, da\u00df ich genau diese Zeit-Form auch schon einmal eingebaut habe: in ein Gedicht, das mittlerweile\u00a0vierzehnzweidrittel Jahre alt [&hellip;]<\/p>\n","protected":false},"author":1,"featured_media":0,"comment_status":"open","ping_status":"open","sticky":false,"template":"","format":"standard","meta":[],"categories":[1],"tags":[],"_links":{"self":[{"href":"http:\/\/blog.sanktneff.de\/index.php?rest_route=\/wp\/v2\/posts\/822"}],"collection":[{"href":"http:\/\/blog.sanktneff.de\/index.php?rest_route=\/wp\/v2\/posts"}],"about":[{"href":"http:\/\/blog.sanktneff.de\/index.php?rest_route=\/wp\/v2\/types\/post"}],"author":[{"embeddable":true,"href":"http:\/\/blog.sanktneff.de\/index.php?rest_route=\/wp\/v2\/users\/1"}],"replies":[{"embeddable":true,"href":"http:\/\/blog.sanktneff.de\/index.php?rest_route=%2Fwp%2Fv2%2Fcomments&post=822"}],"version-history":[{"count":11,"href":"http:\/\/blog.sanktneff.de\/index.php?rest_route=\/wp\/v2\/posts\/822\/revisions"}],"predecessor-version":[{"id":863,"href":"http:\/\/blog.sanktneff.de\/index.php?rest_route=\/wp\/v2\/posts\/822\/revisions\/863"}],"wp:attachment":[{"href":"http:\/\/blog.sanktneff.de\/index.php?rest_route=%2Fwp%2Fv2%2Fmedia&parent=822"}],"wp:term":[{"taxonomy":"category","embeddable":true,"href":"http:\/\/blog.sanktneff.de\/index.php?rest_route=%2Fwp%2Fv2%2Fcategories&post=822"},{"taxonomy":"post_tag","embeddable":true,"href":"http:\/\/blog.sanktneff.de\/index.php?rest_route=%2Fwp%2Fv2%2Ftags&post=822"}],"curies":[{"name":"wp","href":"https:\/\/api.w.org\/{rel}","templated":true}]}}