{"id":846,"date":"2016-05-24T10:46:48","date_gmt":"2016-05-24T08:46:48","guid":{"rendered":"http:\/\/blog.sanktneff.de\/?p=846"},"modified":"2016-05-28T16:41:23","modified_gmt":"2016-05-28T14:41:23","slug":"familie-von-aussen","status":"publish","type":"post","link":"http:\/\/blog.sanktneff.de\/?p=846","title":{"rendered":"Familie von aussen"},"content":{"rendered":"<p align=\"JUSTIFY\">Junger Vater sitzt mit seiner Mutter und seinem kleinem Sohn\u00a0im Caf\u00e9. Drei Generationen essen\u00a0Eis. Der H\u00f6hepunkt des \u00fcberbem\u00fchten, durchaus gutgemeinten,\u00a0f\u00fcr Au\u00dfenstehende aber qualvollen Familien-Getues ist erreicht, als der\u00a0 junge Vater sein\u00a0S\u00f6hnchen fragt:<\/p>\n<p align=\"JUSTIFY\"><strong>&#8222;Soll die Oma jetzt auch mal beim Papa probieren?&#8220;<\/strong><\/p>\n<p align=\"JUSTIFY\">Und soll die Oma dem Papa dann gleich auf der Toilette auch den Popo abwischen? Nein, der Papa soll jetzt bitte mal still sein, bitte,\u00a0einfach nur sein Eis l\u00f6ffeln und das arme Kind mit solchen Schei\u00df-Fragen verschonen.<\/p>\n","protected":false},"excerpt":{"rendered":"<p>Junger Vater sitzt mit seiner Mutter und seinem kleinem Sohn\u00a0im Caf\u00e9. Drei Generationen essen\u00a0Eis. Der H\u00f6hepunkt des \u00fcberbem\u00fchten, durchaus gutgemeinten,\u00a0f\u00fcr Au\u00dfenstehende aber qualvollen Familien-Getues ist erreicht, als der\u00a0 junge Vater sein\u00a0S\u00f6hnchen fragt: &#8222;Soll die Oma jetzt auch mal beim Papa probieren?&#8220; Und soll die Oma dem Papa dann gleich auf der Toilette auch den Popo [&hellip;]<\/p>\n","protected":false},"author":1,"featured_media":0,"comment_status":"open","ping_status":"open","sticky":false,"template":"","format":"standard","meta":[],"categories":[1],"tags":[],"_links":{"self":[{"href":"http:\/\/blog.sanktneff.de\/index.php?rest_route=\/wp\/v2\/posts\/846"}],"collection":[{"href":"http:\/\/blog.sanktneff.de\/index.php?rest_route=\/wp\/v2\/posts"}],"about":[{"href":"http:\/\/blog.sanktneff.de\/index.php?rest_route=\/wp\/v2\/types\/post"}],"author":[{"embeddable":true,"href":"http:\/\/blog.sanktneff.de\/index.php?rest_route=\/wp\/v2\/users\/1"}],"replies":[{"embeddable":true,"href":"http:\/\/blog.sanktneff.de\/index.php?rest_route=%2Fwp%2Fv2%2Fcomments&post=846"}],"version-history":[{"count":5,"href":"http:\/\/blog.sanktneff.de\/index.php?rest_route=\/wp\/v2\/posts\/846\/revisions"}],"predecessor-version":[{"id":867,"href":"http:\/\/blog.sanktneff.de\/index.php?rest_route=\/wp\/v2\/posts\/846\/revisions\/867"}],"wp:attachment":[{"href":"http:\/\/blog.sanktneff.de\/index.php?rest_route=%2Fwp%2Fv2%2Fmedia&parent=846"}],"wp:term":[{"taxonomy":"category","embeddable":true,"href":"http:\/\/blog.sanktneff.de\/index.php?rest_route=%2Fwp%2Fv2%2Fcategories&post=846"},{"taxonomy":"post_tag","embeddable":true,"href":"http:\/\/blog.sanktneff.de\/index.php?rest_route=%2Fwp%2Fv2%2Ftags&post=846"}],"curies":[{"name":"wp","href":"https:\/\/api.w.org\/{rel}","templated":true}]}}