{"id":859,"date":"2016-10-03T17:00:02","date_gmt":"2016-10-03T15:00:02","guid":{"rendered":"http:\/\/blog.sanktneff.de\/?p=859"},"modified":"2020-11-24T11:02:01","modified_gmt":"2020-11-24T09:02:01","slug":"zwischen-breytenbach-und-buechner","status":"publish","type":"post","link":"http:\/\/blog.sanktneff.de\/?p=859","title":{"rendered":"Zwischen Breytenbach und B\u00fcchner"},"content":{"rendered":"<p style=\"text-align: justify;\"><a href=\"http:\/\/blog.sanktneff.de\/wp-content\/uploads\/2016\/05\/Regal-Andreas-G\u00f6bel-e1475507249698.jpg\"><img loading=\"lazy\" class=\"aligncenter size-full wp-image-860\" src=\"http:\/\/blog.sanktneff.de\/wp-content\/uploads\/2016\/05\/Regal-Andreas-G\u00f6bel-e1475507249698.jpg\" alt=\"Regal Andreas G\u00f6bel\" width=\"1834\" height=\"2453\" srcset=\"http:\/\/blog.sanktneff.de\/wp-content\/uploads\/2016\/05\/Regal-Andreas-G\u00f6bel-e1475507249698.jpg 1834w, http:\/\/blog.sanktneff.de\/wp-content\/uploads\/2016\/05\/Regal-Andreas-G\u00f6bel-e1475507249698-224x300.jpg 224w, http:\/\/blog.sanktneff.de\/wp-content\/uploads\/2016\/05\/Regal-Andreas-G\u00f6bel-e1475507249698-765x1024.jpg 765w\" sizes=\"(max-width: 1834px) 100vw, 1834px\" \/><\/a><\/p>\n<p style=\"text-align: justify;\">Der Pianist Andreas G\u00f6bel, der sich auf dieser Seite schon einen Namen gemacht hat durch die Vertonung eines meiner Gedichte (siehe unter &#8222;S\u00e4nger gesucht&#8220; und &#8222;S\u00e4nger gefunden&#8220;), ist nicht nur ein durch und durch musikalischer, sondern auch sehr belesener \u00a0Mann. Hinzu kommt ein nahezu enzyklop\u00e4disches Ged\u00e4chtnis, will sagen: Er beh\u00e4lt die\u00a0 Dinge, die er gelesen hat, und wei\u00df sie auch nach Jahren noch abzurufen. In Gespr\u00e4chen mit ihm beschleicht mich deshalb gelegentlich das Gef\u00fchl, da\u00df er meine Texte besser kennt als ich. Ich f\u00fchle mich geehrt, einen Platz in seiner Bibliothek gefunden zu haben.<\/p>\n","protected":false},"excerpt":{"rendered":"<p>Der Pianist Andreas G\u00f6bel, der sich auf dieser Seite schon einen Namen gemacht hat durch die Vertonung eines meiner Gedichte (siehe unter &#8222;S\u00e4nger gesucht&#8220; und &#8222;S\u00e4nger gefunden&#8220;), ist nicht nur ein durch und durch musikalischer, sondern auch sehr belesener \u00a0Mann. Hinzu kommt ein nahezu enzyklop\u00e4disches Ged\u00e4chtnis, will sagen: Er beh\u00e4lt die\u00a0 Dinge, die er gelesen [&hellip;]<\/p>\n","protected":false},"author":1,"featured_media":0,"comment_status":"open","ping_status":"open","sticky":false,"template":"","format":"standard","meta":[],"categories":[1],"tags":[],"_links":{"self":[{"href":"http:\/\/blog.sanktneff.de\/index.php?rest_route=\/wp\/v2\/posts\/859"}],"collection":[{"href":"http:\/\/blog.sanktneff.de\/index.php?rest_route=\/wp\/v2\/posts"}],"about":[{"href":"http:\/\/blog.sanktneff.de\/index.php?rest_route=\/wp\/v2\/types\/post"}],"author":[{"embeddable":true,"href":"http:\/\/blog.sanktneff.de\/index.php?rest_route=\/wp\/v2\/users\/1"}],"replies":[{"embeddable":true,"href":"http:\/\/blog.sanktneff.de\/index.php?rest_route=%2Fwp%2Fv2%2Fcomments&post=859"}],"version-history":[{"count":6,"href":"http:\/\/blog.sanktneff.de\/index.php?rest_route=\/wp\/v2\/posts\/859\/revisions"}],"predecessor-version":[{"id":2861,"href":"http:\/\/blog.sanktneff.de\/index.php?rest_route=\/wp\/v2\/posts\/859\/revisions\/2861"}],"wp:attachment":[{"href":"http:\/\/blog.sanktneff.de\/index.php?rest_route=%2Fwp%2Fv2%2Fmedia&parent=859"}],"wp:term":[{"taxonomy":"category","embeddable":true,"href":"http:\/\/blog.sanktneff.de\/index.php?rest_route=%2Fwp%2Fv2%2Fcategories&post=859"},{"taxonomy":"post_tag","embeddable":true,"href":"http:\/\/blog.sanktneff.de\/index.php?rest_route=%2Fwp%2Fv2%2Ftags&post=859"}],"curies":[{"name":"wp","href":"https:\/\/api.w.org\/{rel}","templated":true}]}}