{"id":975,"date":"2016-07-26T11:15:18","date_gmt":"2016-07-26T09:15:18","guid":{"rendered":"http:\/\/blog.sanktneff.de\/?p=975"},"modified":"2016-07-26T11:15:18","modified_gmt":"2016-07-26T09:15:18","slug":"alles-aufs-gleiche","status":"publish","type":"post","link":"http:\/\/blog.sanktneff.de\/?p=975","title":{"rendered":"Alles aufs gleiche"},"content":{"rendered":"<p style=\"text-align: justify;\">Fr\u00fcher, wenn ich gemeinsam mit meiner Mutter die &#8222;Tagesschau&#8220; o.\u00e4.\u00a0sah, pflegte sie schlechte Nachrichten seufzend mit dem Satz zu kommentieren:<\/p>\n<p style=\"text-align: justify;\" align=\"JUSTIFY\"><strong>&#8222;Es ist viel Leid in der Welt.&#8220;<\/strong><\/p>\n<p style=\"text-align: justify;\" align=\"JUSTIFY\">Damals erschien mir dieser Satz banal. Heute denke\u00a0ich: Besser und allgemeing\u00fcltiger kann man es eigentlich nicht sagen. Angesichts der belastenden Ballung von Terror, Trump, T\u00fcrkei lie\u00dfe sich das Hauptwort &#8222;Leid&#8220; bei Bedarf auch durch &#8222;Ha\u00df&#8220; oder &#8222;Dummheit&#8220; variieren. L\u00e4uft letztlich aber alles aufs gleiche hinaus.<\/p>\n","protected":false},"excerpt":{"rendered":"<p>Fr\u00fcher, wenn ich gemeinsam mit meiner Mutter die &#8222;Tagesschau&#8220; o.\u00e4.\u00a0sah, pflegte sie schlechte Nachrichten seufzend mit dem Satz zu kommentieren: &#8222;Es ist viel Leid in der Welt.&#8220; Damals erschien mir dieser Satz banal. Heute denke\u00a0ich: Besser und allgemeing\u00fcltiger kann man es eigentlich nicht sagen. Angesichts der belastenden Ballung von Terror, Trump, T\u00fcrkei lie\u00dfe sich das [&hellip;]<\/p>\n","protected":false},"author":1,"featured_media":0,"comment_status":"open","ping_status":"open","sticky":false,"template":"","format":"standard","meta":[],"categories":[1],"tags":[],"_links":{"self":[{"href":"http:\/\/blog.sanktneff.de\/index.php?rest_route=\/wp\/v2\/posts\/975"}],"collection":[{"href":"http:\/\/blog.sanktneff.de\/index.php?rest_route=\/wp\/v2\/posts"}],"about":[{"href":"http:\/\/blog.sanktneff.de\/index.php?rest_route=\/wp\/v2\/types\/post"}],"author":[{"embeddable":true,"href":"http:\/\/blog.sanktneff.de\/index.php?rest_route=\/wp\/v2\/users\/1"}],"replies":[{"embeddable":true,"href":"http:\/\/blog.sanktneff.de\/index.php?rest_route=%2Fwp%2Fv2%2Fcomments&post=975"}],"version-history":[{"count":1,"href":"http:\/\/blog.sanktneff.de\/index.php?rest_route=\/wp\/v2\/posts\/975\/revisions"}],"predecessor-version":[{"id":976,"href":"http:\/\/blog.sanktneff.de\/index.php?rest_route=\/wp\/v2\/posts\/975\/revisions\/976"}],"wp:attachment":[{"href":"http:\/\/blog.sanktneff.de\/index.php?rest_route=%2Fwp%2Fv2%2Fmedia&parent=975"}],"wp:term":[{"taxonomy":"category","embeddable":true,"href":"http:\/\/blog.sanktneff.de\/index.php?rest_route=%2Fwp%2Fv2%2Fcategories&post=975"},{"taxonomy":"post_tag","embeddable":true,"href":"http:\/\/blog.sanktneff.de\/index.php?rest_route=%2Fwp%2Fv2%2Ftags&post=975"}],"curies":[{"name":"wp","href":"https:\/\/api.w.org\/{rel}","templated":true}]}}